{"id":43124,"date":"2025-09-02T18:07:54","date_gmt":"2025-09-02T18:07:54","guid":{"rendered":"https:\/\/radiojehona.com\/?p=43124"},"modified":"2025-09-02T18:07:55","modified_gmt":"2025-09-02T18:07:55","slug":"ndalimi-i-levizjes-ne-pyje-dhe-toke-pyjore-zgjatet-deri-me-30-shtator-2025","status":"publish","type":"post","link":"https:\/\/radiojehona.mk\/?p=43124","title":{"rendered":"Ndalimi i l\u00ebvizjes n\u00eb pyje dhe tok\u00eb pyjore zgjatet deri m\u00eb 30 shtator 2025"},"content":{"rendered":"\n<figure class=\"wp-block-image size-full\"><img fetchpriority=\"high\" decoding=\"async\" width=\"696\" height=\"392\" src=\"https:\/\/radiojehona.com\/wp-content\/uploads\/2025\/09\/Pyjet-e-Maqedonise-1-780x439-1-696x392-1.jpg\" alt=\"\" class=\"wp-image-43125\" srcset=\"https:\/\/radiojehona.mk\/wp-content\/uploads\/2025\/09\/Pyjet-e-Maqedonise-1-780x439-1-696x392-1.jpg 696w, https:\/\/radiojehona.mk\/wp-content\/uploads\/2025\/09\/Pyjet-e-Maqedonise-1-780x439-1-696x392-1-300x169.jpg 300w\" sizes=\"(max-width: 696px) 100vw, 696px\" \/><\/figure>\n\n\n\n<p>Ministria e Bujq\u00ebsis\u00eb, Pylltaris\u00eb dhe Ekonomis\u00eb s\u00eb Uj\u00ebrave e njofton opinionin publik se ndalimi i l\u00ebvizjes n\u00eb pyje dhe tok\u00eb pyjore zgjatet deri m\u00eb 30 shtator 2025 dhe u b\u00ebn thirrje qytetar\u00ebve p\u00ebr kujdes t\u00eb ve\u00e7ant\u00eb me q\u00ebllim parandalimin e zjarreve n\u00eb hap\u00ebsira t\u00eb hapura.Marketing<\/p>\n\n\n\n<p>Ministria rikujton opinionin e gjer\u00eb se edhe n\u00eb periudh\u00ebn q\u00eb pason nuk \u00ebsht\u00eb zvog\u00ebluar rreziku nga shfaqja e zjarreve n\u00eb hap\u00ebsira t\u00eb hapura. Qytetar\u00ebt duhet t\u00eb jen\u00eb ve\u00e7an\u00ebrisht t\u00eb kujdessh\u00ebm, pasi p\u00ebr shkak t\u00eb temperaturave t\u00eb larta rreziku i shfaqjes s\u00eb zjarreve n\u00eb hap\u00ebsira t\u00eb hapura ende mbetet i madh.<\/p>\n\n\n\n<p>\u00cbsht\u00eb me r\u00ebnd\u00ebsi thelb\u00ebsore q\u00eb opinioni publik t\u2019i kuptoj\u00eb rreziqet, si dhe pasojat nga shfaqja e zjarreve n\u00eb hap\u00ebsira t\u00eb hapura dhe me sjelljen e tij t\u00eb kontribuoj\u00eb n\u00eb mbrojtjen dhe ruajtjen e pyjeve, pra t\u00eb mjedisit jet\u00ebsor, pron\u00ebs dhe komuniteteve n\u00eb t\u00ebr\u00ebsi.<\/p>\n\n\n\n<p>P\u00ebr mosrespektimin e k\u00ebtij ndalimi t\u00eb plot\u00eb p\u00ebr l\u00ebvizje n\u00eb pyje dhe tok\u00eb pyjore, personave fizik\u00eb t\u00eb cil\u00ebt do t\u00eb kapen duke l\u00ebvizur n\u00eb pyje dhe tok\u00eb pyjore, sipas nenit 106 t\u00eb Ligjit p\u00ebr Pyjet, do t\u2019u shqiptohet gjob\u00eb prej 1.500 deri 2.000 euro n\u00eb kund\u00ebrvler\u00eb denare.<\/p>\n","protected":false},"excerpt":{"rendered":"<p>Ministria e Bujq&euml;sis&euml;, Pylltaris&euml; dhe Ekonomis&euml; s&euml; Uj&euml;rave e njofton opinionin publik se ndalimi i l&euml;vizjes n&euml; pyje dhe tok&euml; pyjore zgjatet deri m&euml; 30 shtator 2025 dhe u b&euml;n thirrje qytetar&euml;ve p&euml;r kujdes t&euml; ve&ccedil;ant&euml; me q&euml;llim parandalimin e zjarreve n&euml; hap&euml;sira t&euml; hapura.Marketing Ministria rikujton opinionin e gjer&euml; se edhe n&euml; periudh&euml;n q&euml; [&hellip;]<\/p>\n","protected":false},"author":2,"featured_media":43125,"comment_status":"open","ping_status":"closed","sticky":false,"template":"","format":"standard","meta":{"_monsterinsights_skip_tracking":false,"_monsterinsights_sitenote_active":false,"_monsterinsights_sitenote_note":"","_monsterinsights_sitenote_category":0,"footnotes":""},"categories":[1],"tags":[],"class_list":["post-43124","post","type-post","status-publish","format-standard","has-post-thumbnail","hentry","category-vendi"],"_links":{"self":[{"href":"https:\/\/radiojehona.mk\/index.php?rest_route=\/wp\/v2\/posts\/43124","targetHints":{"allow":["GET"]}}],"collection":[{"href":"https:\/\/radiojehona.mk\/index.php?rest_route=\/wp\/v2\/posts"}],"about":[{"href":"https:\/\/radiojehona.mk\/index.php?rest_route=\/wp\/v2\/types\/post"}],"author":[{"embeddable":true,"href":"https:\/\/radiojehona.mk\/index.php?rest_route=\/wp\/v2\/users\/2"}],"replies":[{"embeddable":true,"href":"https:\/\/radiojehona.mk\/index.php?rest_route=%2Fwp%2Fv2%2Fcomments&post=43124"}],"version-history":[{"count":1,"href":"https:\/\/radiojehona.mk\/index.php?rest_route=\/wp\/v2\/posts\/43124\/revisions"}],"predecessor-version":[{"id":43126,"href":"https:\/\/radiojehona.mk\/index.php?rest_route=\/wp\/v2\/posts\/43124\/revisions\/43126"}],"wp:featuredmedia":[{"embeddable":true,"href":"https:\/\/radiojehona.mk\/index.php?rest_route=\/wp\/v2\/media\/43125"}],"wp:attachment":[{"href":"https:\/\/radiojehona.mk\/index.php?rest_route=%2Fwp%2Fv2%2Fmedia&parent=43124"}],"wp:term":[{"taxonomy":"category","embeddable":true,"href":"https:\/\/radiojehona.mk\/index.php?rest_route=%2Fwp%2Fv2%2Fcategories&post=43124"},{"taxonomy":"post_tag","embeddable":true,"href":"https:\/\/radiojehona.mk\/index.php?rest_route=%2Fwp%2Fv2%2Ftags&post=43124"}],"curies":[{"name":"wp","href":"https:\/\/api.w.org\/{rel}","templated":true}]}}