{"id":43121,"date":"2025-09-02T18:06:37","date_gmt":"2025-09-02T18:06:37","guid":{"rendered":"https:\/\/radiojehona.com\/?p=43121"},"modified":"2025-09-02T18:06:37","modified_gmt":"2025-09-02T18:06:37","slug":"ndalohen-telefonat-mobil-ne-shkolla-si-per-nxenesit-ashtu-dhe-per-mesuesit","status":"publish","type":"post","link":"https:\/\/radiojehona.mk\/?p=43121","title":{"rendered":"Ndalohen telefonat mobil n\u00eb shkolla, si p\u00ebr nx\u00ebn\u00ebsit ashtu dhe p\u00ebr m\u00ebsuesit"},"content":{"rendered":"\n<figure class=\"wp-block-image size-full\"><img fetchpriority=\"high\" decoding=\"async\" width=\"710\" height=\"416\" src=\"https:\/\/radiojehona.com\/wp-content\/uploads\/2025\/09\/telefonnn.jpg\" alt=\"\" class=\"wp-image-43122\" srcset=\"https:\/\/radiojehona.mk\/wp-content\/uploads\/2025\/09\/telefonnn.jpg 710w, https:\/\/radiojehona.mk\/wp-content\/uploads\/2025\/09\/telefonnn-300x176.jpg 300w\" sizes=\"(max-width: 710px) 100vw, 710px\" \/><\/figure>\n\n\n\n<p>N\u00eb t\u00eb gjitha shkollat e Maqedonis\u00eb s\u00eb Veriut hyn n\u00eb fuqi nj\u00eb rregull i ri p\u00ebr ndalimin e p\u00ebrdorimit t\u00eb telefonave gjat\u00eb procesit m\u00ebsimor. Vendimi i Ministris\u00eb s\u00eb Arsimit dhe Sportit ndalon p\u00ebrdorimin e celular\u00ebve jo vet\u00ebm nga nx\u00ebn\u00ebsit, por edhe nga m\u00ebsuesit.<\/p>\n\n\n\n<p>Sipas udh\u00ebzimit:<br>\u2022 Nx\u00ebn\u00ebsit nuk mund ta p\u00ebrdorin telefonin gjat\u00eb or\u00ebve t\u00eb m\u00ebsimit dhe gjat\u00eb gjith\u00eb q\u00ebndrimit n\u00eb shkoll\u00eb.<br>\u2022 M\u00ebsuesve u ndalohet p\u00ebrdorimi i telefonit gjat\u00eb or\u00ebs s\u00eb m\u00ebsimit, p\u00ebrve\u00e7 rasteve emergjente ose kur drejtoria e lejon p\u00ebr arsye pedagogjike apo organizative.<br>\u2022 \u00c7do pajisje e kapur do t\u00eb dor\u00ebzohet n\u00eb drejtori dhe kthehet vet\u00ebm pas p\u00ebrfundimit t\u00eb orarit m\u00ebsimor.<\/p>\n\n\n\n<p>Autoritetet arsimore thon\u00eb se masa ka p\u00ebr q\u00ebllim t\u00eb rris\u00eb disiplin\u00ebn dhe p\u00ebrqendrimin gjat\u00eb m\u00ebsimit, duke eliminuar shp\u00ebrqendrimet q\u00eb shkaktohen nga teknologjia.<\/p>\n","protected":false},"excerpt":{"rendered":"<p>N&euml; t&euml; gjitha shkollat e Maqedonis&euml; s&euml; Veriut hyn n&euml; fuqi nj&euml; rregull i ri p&euml;r ndalimin e p&euml;rdorimit t&euml; telefonave gjat&euml; procesit m&euml;simor. Vendimi i Ministris&euml; s&euml; Arsimit dhe Sportit ndalon p&euml;rdorimin e celular&euml;ve jo vet&euml;m nga nx&euml;n&euml;sit, por edhe nga m&euml;suesit. Sipas udh&euml;zimit:&bull; Nx&euml;n&euml;sit nuk mund ta p&euml;rdorin telefonin gjat&euml; or&euml;ve t&euml; m&euml;simit [&hellip;]<\/p>\n","protected":false},"author":2,"featured_media":43122,"comment_status":"open","ping_status":"closed","sticky":false,"template":"","format":"standard","meta":{"_monsterinsights_skip_tracking":false,"_monsterinsights_sitenote_active":false,"_monsterinsights_sitenote_note":"","_monsterinsights_sitenote_category":0,"footnotes":""},"categories":[1],"tags":[],"class_list":["post-43121","post","type-post","status-publish","format-standard","has-post-thumbnail","hentry","category-vendi"],"_links":{"self":[{"href":"https:\/\/radiojehona.mk\/index.php?rest_route=\/wp\/v2\/posts\/43121","targetHints":{"allow":["GET"]}}],"collection":[{"href":"https:\/\/radiojehona.mk\/index.php?rest_route=\/wp\/v2\/posts"}],"about":[{"href":"https:\/\/radiojehona.mk\/index.php?rest_route=\/wp\/v2\/types\/post"}],"author":[{"embeddable":true,"href":"https:\/\/radiojehona.mk\/index.php?rest_route=\/wp\/v2\/users\/2"}],"replies":[{"embeddable":true,"href":"https:\/\/radiojehona.mk\/index.php?rest_route=%2Fwp%2Fv2%2Fcomments&post=43121"}],"version-history":[{"count":1,"href":"https:\/\/radiojehona.mk\/index.php?rest_route=\/wp\/v2\/posts\/43121\/revisions"}],"predecessor-version":[{"id":43123,"href":"https:\/\/radiojehona.mk\/index.php?rest_route=\/wp\/v2\/posts\/43121\/revisions\/43123"}],"wp:featuredmedia":[{"embeddable":true,"href":"https:\/\/radiojehona.mk\/index.php?rest_route=\/wp\/v2\/media\/43122"}],"wp:attachment":[{"href":"https:\/\/radiojehona.mk\/index.php?rest_route=%2Fwp%2Fv2%2Fmedia&parent=43121"}],"wp:term":[{"taxonomy":"category","embeddable":true,"href":"https:\/\/radiojehona.mk\/index.php?rest_route=%2Fwp%2Fv2%2Fcategories&post=43121"},{"taxonomy":"post_tag","embeddable":true,"href":"https:\/\/radiojehona.mk\/index.php?rest_route=%2Fwp%2Fv2%2Ftags&post=43121"}],"curies":[{"name":"wp","href":"https:\/\/api.w.org\/{rel}","templated":true}]}}