{"id":43118,"date":"2025-09-02T18:05:40","date_gmt":"2025-09-02T18:05:40","guid":{"rendered":"https:\/\/radiojehona.com\/?p=43118"},"modified":"2025-09-02T18:05:41","modified_gmt":"2025-09-02T18:05:41","slug":"struga-me-pese-kanadidate-te-pavarur-per-kryetar-komune","status":"publish","type":"post","link":"https:\/\/radiojehona.mk\/?p=43118","title":{"rendered":"Struga me pes\u00eb kanadidat\u00eb t\u00eb pavarur p\u00ebr kryetar komune"},"content":{"rendered":"\n<figure class=\"wp-block-image size-full\"><img fetchpriority=\"high\" decoding=\"async\" width=\"696\" height=\"383\" src=\"https:\/\/radiojehona.com\/wp-content\/uploads\/2025\/09\/ZGJEDHJE-696x383-1.webp\" alt=\"\" class=\"wp-image-43119\" srcset=\"https:\/\/radiojehona.mk\/wp-content\/uploads\/2025\/09\/ZGJEDHJE-696x383-1.webp 696w, https:\/\/radiojehona.mk\/wp-content\/uploads\/2025\/09\/ZGJEDHJE-696x383-1-300x165.webp 300w\" sizes=\"(max-width: 696px) 100vw, 696px\" \/><\/figure>\n\n\n\n<p>Pes\u00eb kandidat\u00eb t\u00eb pavarur p\u00ebr kryetar komune dhe tre lista t\u00eb pavarura p\u00ebr k\u00ebshilltar\u00eb jan\u00eb parashtruar n\u00eb Nj\u00ebsin\u00eb rajonale t\u00eb Komisionit shtet\u00ebror zgjedhor n\u00eb Strug\u00eb, konfirmuan p\u00ebr Agjencionin e Lajmeve t\u00eb Maqedonis\u00eb nga KSHZ-Strug\u00eb.<\/p>\n\n\n\n<p>Afati p\u00ebr grumbullim t\u00eb n\u00ebnshkrimeve p\u00ebr kandidatura t\u00eb pavarura p\u00ebr Zgjedhjet lokale 2025, t\u00eb cilat jan\u00eb caktuar p\u00ebr m\u00eb 19 tetor skadoi n\u00eb mesnat\u00eb.<\/p>\n\n\n\n<p>Parashtrimi i kandidaturave p\u00ebr gar\u00ebn p\u00ebr kryetar komune dhe lista t\u00eb k\u00ebshilltar\u00ebve t\u00eb mb\u00ebshtetur nga partit\u00eb politike \u00ebsht\u00eb deri m\u00eb 13 shtator.<\/p>\n\n\n\n<p>Pas skadimit, publikisht do t\u00eb publikohen t\u00eb gjitha listt e konfirmuara.<\/p>\n","protected":false},"excerpt":{"rendered":"<p>Pes&euml; kandidat&euml; t&euml; pavarur p&euml;r kryetar komune dhe tre lista t&euml; pavarura p&euml;r k&euml;shilltar&euml; jan&euml; parashtruar n&euml; Nj&euml;sin&euml; rajonale t&euml; Komisionit shtet&euml;ror zgjedhor n&euml; Strug&euml;, konfirmuan p&euml;r Agjencionin e Lajmeve t&euml; Maqedonis&euml; nga KSHZ-Strug&euml;. Afati p&euml;r grumbullim t&euml; n&euml;nshkrimeve p&euml;r kandidatura t&euml; pavarura p&euml;r Zgjedhjet lokale 2025, t&euml; cilat jan&euml; caktuar p&euml;r m&euml; 19 tetor [&hellip;]<\/p>\n","protected":false},"author":2,"featured_media":43119,"comment_status":"open","ping_status":"closed","sticky":false,"template":"","format":"standard","meta":{"_monsterinsights_skip_tracking":false,"_monsterinsights_sitenote_active":false,"_monsterinsights_sitenote_note":"","_monsterinsights_sitenote_category":0,"footnotes":""},"categories":[1],"tags":[],"class_list":["post-43118","post","type-post","status-publish","format-standard","has-post-thumbnail","hentry","category-vendi"],"_links":{"self":[{"href":"https:\/\/radiojehona.mk\/index.php?rest_route=\/wp\/v2\/posts\/43118","targetHints":{"allow":["GET"]}}],"collection":[{"href":"https:\/\/radiojehona.mk\/index.php?rest_route=\/wp\/v2\/posts"}],"about":[{"href":"https:\/\/radiojehona.mk\/index.php?rest_route=\/wp\/v2\/types\/post"}],"author":[{"embeddable":true,"href":"https:\/\/radiojehona.mk\/index.php?rest_route=\/wp\/v2\/users\/2"}],"replies":[{"embeddable":true,"href":"https:\/\/radiojehona.mk\/index.php?rest_route=%2Fwp%2Fv2%2Fcomments&post=43118"}],"version-history":[{"count":1,"href":"https:\/\/radiojehona.mk\/index.php?rest_route=\/wp\/v2\/posts\/43118\/revisions"}],"predecessor-version":[{"id":43120,"href":"https:\/\/radiojehona.mk\/index.php?rest_route=\/wp\/v2\/posts\/43118\/revisions\/43120"}],"wp:featuredmedia":[{"embeddable":true,"href":"https:\/\/radiojehona.mk\/index.php?rest_route=\/wp\/v2\/media\/43119"}],"wp:attachment":[{"href":"https:\/\/radiojehona.mk\/index.php?rest_route=%2Fwp%2Fv2%2Fmedia&parent=43118"}],"wp:term":[{"taxonomy":"category","embeddable":true,"href":"https:\/\/radiojehona.mk\/index.php?rest_route=%2Fwp%2Fv2%2Fcategories&post=43118"},{"taxonomy":"post_tag","embeddable":true,"href":"https:\/\/radiojehona.mk\/index.php?rest_route=%2Fwp%2Fv2%2Ftags&post=43118"}],"curies":[{"name":"wp","href":"https:\/\/api.w.org\/{rel}","templated":true}]}}