{"id":43115,"date":"2025-09-02T18:04:02","date_gmt":"2025-09-02T18:04:02","guid":{"rendered":"https:\/\/radiojehona.com\/?p=43115"},"modified":"2025-09-02T18:04:02","modified_gmt":"2025-09-02T18:04:02","slug":"lamallari-denohet-me-dy-vjet-burg-per-sulmin-ndaj-danella-arsovskes","status":"publish","type":"post","link":"https:\/\/radiojehona.mk\/?p=43115","title":{"rendered":"Lamallari d\u00ebnohet me dy vjet burg p\u00ebr sulmin ndaj Danella Arsovsk\u00ebs"},"content":{"rendered":"\n<figure class=\"wp-block-image size-full\"><img fetchpriority=\"high\" decoding=\"async\" width=\"850\" height=\"560\" src=\"https:\/\/radiojehona.com\/wp-content\/uploads\/2025\/09\/sula_1-850x560-1.webp\" alt=\"\" class=\"wp-image-43116\" srcset=\"https:\/\/radiojehona.mk\/wp-content\/uploads\/2025\/09\/sula_1-850x560-1.webp 850w, https:\/\/radiojehona.mk\/wp-content\/uploads\/2025\/09\/sula_1-850x560-1-300x198.webp 300w, https:\/\/radiojehona.mk\/wp-content\/uploads\/2025\/09\/sula_1-850x560-1-768x506.webp 768w\" sizes=\"(max-width: 850px) 100vw, 850px\" \/><\/figure>\n\n\n\n<p>Gjykata Penale Themelore n\u00eb Shkup sot shpalli aktgjykim me t\u00eb cilin Sulejman Lamallari u d\u00ebnua me dy vjet burg p\u00ebr \u201cdhun\u00eb t\u00eb r\u00ebnd\u00eb\u201d ndaj kryetares s\u00eb Shkupit, Danella Arsovska. Vendimi u mor nga trupi gjykues i kryesuar nga gjyqtarja Biljana Kocevska, nd\u00ebrsa akuz\u00ebn e p\u00ebrfaq\u00ebsoi prokurori Aleksandar Dav\u00e7evski.<\/p>\n\n\n\n<p>Sipas gjykat\u00ebs, n\u00eb d\u00ebnim do t\u00eb p\u00ebrfshihet edhe koha e kaluar n\u00eb arrest sht\u00ebpiak dhe m\u00eb von\u00eb n\u00eb paraburgim. Masa e paraburgimit do t\u00eb mbetet n\u00eb fuqi deri n\u00eb hyrjen n\u00eb fuqi t\u00eb plot\u00eb t\u00eb vendimit dhe fillimin e vuajtjes s\u00eb d\u00ebnimit, por jo m\u00eb shum\u00eb se gjasht\u00ebdhjet\u00eb dit\u00eb. Pal\u00ebt kan\u00eb t\u00eb drejt\u00eb ankese n\u00eb Gjykat\u00ebn e Apelit brenda tet\u00eb dit\u00ebve nga marrja e aktgjykimit.<\/p>\n\n\n\n<p>Rasti lidhet me incidentin e 11 korrikut t\u00eb k\u00ebtij viti, kur Arsovska, gjat\u00eb nj\u00eb inspektimi n\u00eb terren p\u00ebr nd\u00ebrtim t\u00eb paligjsh\u00ebm, u p\u00ebrball me Lamallarin. Sipas aktakuz\u00ebs, ai arriti n\u00eb vendngjarje me trotinet elektrik dhe e sulmoi fizikisht e verbalisht kryetaren, duke i shkaktuar l\u00ebndime trupore dhe duke b\u00ebr\u00eb k\u00ebrc\u00ebnime serioze.<\/p>\n\n\n\n<p>Lamallari i mohoi akuzat, duke pretenduar se ishte viktim\u00eb n\u00eb k\u00ebt\u00eb rast. Ai tha se kishte tentuar t\u2019ia merrte telefonin Arsovsk\u00ebs, e cila sipas tij po e incizonte pa leje, dhe se p\u00ebrleshja filloi pasi ajo e kishte goditur me shqelm. D\u00ebshmia e tij, megjithat\u00eb, ishte n\u00eb kontrast t\u00eb plot\u00eb me versionin e Arsovsk\u00ebs, e cila n\u00eb seanc\u00ebn e par\u00eb d\u00ebgjimore deklaroi se ishte sulmuar p\u00ebr m\u00eb shum\u00eb se 40 minuta dhe se gjat\u00eb gjith\u00eb koh\u00ebs ishte ndier e k\u00ebrc\u00ebnuar, e pasigurt dhe e frik\u00ebsuar.\/VOXAL\/<\/p>\n","protected":false},"excerpt":{"rendered":"<p>Gjykata Penale Themelore n&euml; Shkup sot shpalli aktgjykim me t&euml; cilin Sulejman Lamallari u d&euml;nua me dy vjet burg p&euml;r &ldquo;dhun&euml; t&euml; r&euml;nd&euml;&rdquo; ndaj kryetares s&euml; Shkupit, Danella Arsovska. Vendimi u mor nga trupi gjykues i kryesuar nga gjyqtarja Biljana Kocevska, nd&euml;rsa akuz&euml;n e p&euml;rfaq&euml;soi prokurori Aleksandar Dav&ccedil;evski. Sipas gjykat&euml;s, n&euml; d&euml;nim do t&euml; p&euml;rfshihet [&hellip;]<\/p>\n","protected":false},"author":2,"featured_media":43116,"comment_status":"open","ping_status":"closed","sticky":false,"template":"","format":"standard","meta":{"_monsterinsights_skip_tracking":false,"_monsterinsights_sitenote_active":false,"_monsterinsights_sitenote_note":"","_monsterinsights_sitenote_category":0,"footnotes":""},"categories":[1],"tags":[],"class_list":["post-43115","post","type-post","status-publish","format-standard","has-post-thumbnail","hentry","category-vendi"],"_links":{"self":[{"href":"https:\/\/radiojehona.mk\/index.php?rest_route=\/wp\/v2\/posts\/43115","targetHints":{"allow":["GET"]}}],"collection":[{"href":"https:\/\/radiojehona.mk\/index.php?rest_route=\/wp\/v2\/posts"}],"about":[{"href":"https:\/\/radiojehona.mk\/index.php?rest_route=\/wp\/v2\/types\/post"}],"author":[{"embeddable":true,"href":"https:\/\/radiojehona.mk\/index.php?rest_route=\/wp\/v2\/users\/2"}],"replies":[{"embeddable":true,"href":"https:\/\/radiojehona.mk\/index.php?rest_route=%2Fwp%2Fv2%2Fcomments&post=43115"}],"version-history":[{"count":1,"href":"https:\/\/radiojehona.mk\/index.php?rest_route=\/wp\/v2\/posts\/43115\/revisions"}],"predecessor-version":[{"id":43117,"href":"https:\/\/radiojehona.mk\/index.php?rest_route=\/wp\/v2\/posts\/43115\/revisions\/43117"}],"wp:featuredmedia":[{"embeddable":true,"href":"https:\/\/radiojehona.mk\/index.php?rest_route=\/wp\/v2\/media\/43116"}],"wp:attachment":[{"href":"https:\/\/radiojehona.mk\/index.php?rest_route=%2Fwp%2Fv2%2Fmedia&parent=43115"}],"wp:term":[{"taxonomy":"category","embeddable":true,"href":"https:\/\/radiojehona.mk\/index.php?rest_route=%2Fwp%2Fv2%2Fcategories&post=43115"},{"taxonomy":"post_tag","embeddable":true,"href":"https:\/\/radiojehona.mk\/index.php?rest_route=%2Fwp%2Fv2%2Ftags&post=43115"}],"curies":[{"name":"wp","href":"https:\/\/api.w.org\/{rel}","templated":true}]}}