{"id":43109,"date":"2025-09-01T09:03:22","date_gmt":"2025-09-01T09:03:22","guid":{"rendered":"https:\/\/radiojehona.com\/?p=43109"},"modified":"2025-09-01T09:03:22","modified_gmt":"2025-09-01T09:03:22","slug":"murtezani-ne-danimarke-ne-takimin-e-ministrave-per-ceshtjet-evropiane","status":"publish","type":"post","link":"https:\/\/radiojehona.mk\/?p=43109","title":{"rendered":"Murtezani n\u00eb Danimark\u00eb n\u00eb takimin e ministrave p\u00ebr \u00e7\u00ebshtjet evropiane"},"content":{"rendered":"\n<figure class=\"wp-block-image size-large\"><img fetchpriority=\"high\" decoding=\"async\" width=\"1024\" height=\"580\" src=\"https:\/\/radiojehona.com\/wp-content\/uploads\/2025\/09\/IMG_2413-1024x580.jpeg\" alt=\"\" class=\"wp-image-43110\" srcset=\"https:\/\/radiojehona.mk\/wp-content\/uploads\/2025\/09\/IMG_2413-1024x580.jpeg 1024w, https:\/\/radiojehona.mk\/wp-content\/uploads\/2025\/09\/IMG_2413-300x170.jpeg 300w, https:\/\/radiojehona.mk\/wp-content\/uploads\/2025\/09\/IMG_2413-768x435.jpeg 768w, https:\/\/radiojehona.mk\/wp-content\/uploads\/2025\/09\/IMG_2413.jpeg 1125w\" sizes=\"(max-width: 1024px) 100vw, 1024px\" \/><\/figure>\n\n\n\n<p>Ministri p\u00ebr \u00c7\u00ebshtjet Evropiane i Republik\u00ebs s\u00eb Maqedonis\u00eb s\u00eb Veriut, Orhan Murtezani, m\u00eb 1 dhe 2 shtator 2025 do t\u00eb marr\u00eb pjes\u00eb n\u00eb Takimin joformal t\u00eb Ministrave p\u00ebr \u00c7\u00ebshtjet Evropiane q\u00eb po zhvillohet n\u00eb Kopenhag\u00eb, n\u00eb kuad\u00ebr t\u00eb Presidenc\u00ebs daneze me K\u00ebshillin e Bashkimit Evropian.<\/p>\n\n\n\n<p>N\u00eb takim, ministrat e vendeve an\u00ebtare t\u00eb BE-s\u00eb, s\u00eb bashku me koleg\u00ebt nga Ballkani Per\u00ebndimor, Ukraina, Moldavia dhe Turqia, do t\u00eb shk\u00ebmbejn\u00eb mendime mbi r\u00ebnd\u00ebsin\u00eb e kritereve t\u00eb Kopenhag\u00ebs si baz\u00eb e procesit t\u00eb zgjerimit dhe mbi konceptin e Integrimit t\u00eb P\u00ebrshkall\u00ebzuar si mekaniz\u00ebm p\u00ebr ruajtjen e perspektiv\u00ebs evropiane dhe forcimin e besueshm\u00ebris\u00eb s\u00eb procesit t\u00eb an\u00ebtar\u00ebsimit.<\/p>\n","protected":false},"excerpt":{"rendered":"<p>Ministri p&euml;r &Ccedil;&euml;shtjet Evropiane i Republik&euml;s s&euml; Maqedonis&euml; s&euml; Veriut, Orhan Murtezani, m&euml; 1 dhe 2 shtator 2025 do t&euml; marr&euml; pjes&euml; n&euml; Takimin joformal t&euml; Ministrave p&euml;r &Ccedil;&euml;shtjet Evropiane q&euml; po zhvillohet n&euml; Kopenhag&euml;, n&euml; kuad&euml;r t&euml; Presidenc&euml;s daneze me K&euml;shillin e Bashkimit Evropian. N&euml; takim, ministrat e vendeve an&euml;tare t&euml; BE-s&euml;, s&euml; bashku [&hellip;]<\/p>\n","protected":false},"author":2,"featured_media":43110,"comment_status":"open","ping_status":"closed","sticky":false,"template":"","format":"standard","meta":{"_monsterinsights_skip_tracking":false,"_monsterinsights_sitenote_active":false,"_monsterinsights_sitenote_note":"","_monsterinsights_sitenote_category":0,"footnotes":""},"categories":[1],"tags":[],"class_list":["post-43109","post","type-post","status-publish","format-standard","has-post-thumbnail","hentry","category-vendi"],"_links":{"self":[{"href":"https:\/\/radiojehona.mk\/index.php?rest_route=\/wp\/v2\/posts\/43109","targetHints":{"allow":["GET"]}}],"collection":[{"href":"https:\/\/radiojehona.mk\/index.php?rest_route=\/wp\/v2\/posts"}],"about":[{"href":"https:\/\/radiojehona.mk\/index.php?rest_route=\/wp\/v2\/types\/post"}],"author":[{"embeddable":true,"href":"https:\/\/radiojehona.mk\/index.php?rest_route=\/wp\/v2\/users\/2"}],"replies":[{"embeddable":true,"href":"https:\/\/radiojehona.mk\/index.php?rest_route=%2Fwp%2Fv2%2Fcomments&post=43109"}],"version-history":[{"count":1,"href":"https:\/\/radiojehona.mk\/index.php?rest_route=\/wp\/v2\/posts\/43109\/revisions"}],"predecessor-version":[{"id":43111,"href":"https:\/\/radiojehona.mk\/index.php?rest_route=\/wp\/v2\/posts\/43109\/revisions\/43111"}],"wp:featuredmedia":[{"embeddable":true,"href":"https:\/\/radiojehona.mk\/index.php?rest_route=\/wp\/v2\/media\/43110"}],"wp:attachment":[{"href":"https:\/\/radiojehona.mk\/index.php?rest_route=%2Fwp%2Fv2%2Fmedia&parent=43109"}],"wp:term":[{"taxonomy":"category","embeddable":true,"href":"https:\/\/radiojehona.mk\/index.php?rest_route=%2Fwp%2Fv2%2Fcategories&post=43109"},{"taxonomy":"post_tag","embeddable":true,"href":"https:\/\/radiojehona.mk\/index.php?rest_route=%2Fwp%2Fv2%2Ftags&post=43109"}],"curies":[{"name":"wp","href":"https:\/\/api.w.org\/{rel}","templated":true}]}}