{"id":42677,"date":"2025-08-11T22:00:19","date_gmt":"2025-08-11T22:00:19","guid":{"rendered":"https:\/\/radiojehona.com\/?p=42677"},"modified":"2025-08-11T22:00:20","modified_gmt":"2025-08-11T22:00:20","slug":"e-diela-eshte-dita-boterore-e-luanit-mbreti-i-xhungles","status":"publish","type":"post","link":"https:\/\/radiojehona.mk\/?p=42677","title":{"rendered":"E diela \u00ebsht\u00eb Dita Bot\u00ebrore e Luanit \u2013 Mbreti i Xhungl\u00ebs"},"content":{"rendered":"\n<figure class=\"wp-block-image size-full\"><img fetchpriority=\"high\" decoding=\"async\" width=\"640\" height=\"426\" src=\"https:\/\/radiojehona.com\/wp-content\/uploads\/2025\/08\/2-4.jpeg\" alt=\"\" class=\"wp-image-42678\" srcset=\"https:\/\/radiojehona.mk\/wp-content\/uploads\/2025\/08\/2-4.jpeg 640w, https:\/\/radiojehona.mk\/wp-content\/uploads\/2025\/08\/2-4-300x200.jpeg 300w\" sizes=\"(max-width: 640px) 100vw, 640px\" \/><\/figure>\n\n\n\n<p>Ja disa hapa q\u00eb mund t\u00eb nd\u00ebrmerrni p\u00ebr t\u00eb ndihmuar n\u00eb mbrojtjen e maceve t\u00eb m\u00ebdha:<\/p>\n\n\n\n<ul class=\"wp-block-list\">\n<li>Informohuni p\u00ebr gjendjen e jet\u00ebs s\u00eb eg\u00ebr dhe produkteve t\u00eb saj.<\/li>\n\n\n\n<li>Mb\u00ebshtetni kompanit\u00eb q\u00eb demonstrojn\u00eb zinxhir\u00eb furnizimi t\u00eb q\u00ebndruesh\u00ebm dhe politika t\u00eb p\u00ebrgjegjshme ndaj mjedisit.<\/li>\n<\/ul>\n\n\n\n<p>N\u00eb prag t\u00eb Dit\u00ebs Bot\u00ebrore t\u00eb Luanit, Kopshti Zoologjik i Shkupit njoftoi se kopshti zoologjik \u00ebsht\u00eb sht\u00ebpia e tet\u00eb individ\u00ebve n\u00eb kat\u00ebr habitate nga n\u00ebnlloje t\u00eb ndryshme t\u00eb k\u00ebsaj specie mbret\u00ebrore t\u00eb kafsh\u00ebve.<\/p>\n\n\n\n<p>Luani \u00ebsht\u00eb nj\u00eb kafsh\u00eb madh\u00ebshtore q\u00eb magjeps me fuqin\u00eb dhe hirin e tij. Njeriu gjithmon\u00eb i ka admiruar luan\u00ebt, k\u00ebshtu q\u00eb ata mund t\u00eb gjenden jo vet\u00ebm n\u00eb natyr\u00eb ose n\u00eb kopshte zoologjike, por edhe si statuja para nd\u00ebrtesave publike n\u00eb shum\u00eb vende, si simbole shtetesh, si logo kompanish, etj.<\/p>\n\n\n\n<p>Por, megjith\u00ebse njeriu e admiron dhe e vler\u00ebson at\u00eb, ai \u00ebsht\u00eb gjithashtu armiku m\u00eb i rreziksh\u00ebm p\u00ebr mbijetes\u00ebn e luan\u00ebve. N\u00eb Dit\u00ebn Bot\u00ebrore t\u00eb Luanit, m\u00eb 10 gusht, ju paraqesim shtat\u00eb nga faktet m\u00eb interesante rreth luan\u00ebve q\u00eb mund t\u00eb mos i keni ditur, t\u00eb cilat u paraqit\u00ebn si t\u00eb dh\u00ebna nga Fondi Bot\u00ebror i Jet\u00ebs s\u00eb Eg\u00ebr (WWF).<\/p>\n\n\n\n<p><strong>A jetojn\u00eb t\u00eb gjith\u00eb luan\u00ebt n\u00eb Afrik\u00eb?<\/strong><\/p>\n\n\n\n<p>N\u00eb natyr\u00eb, ekzistojn\u00eb dy n\u00ebnlloje t\u00eb njohura zyrtarisht t\u00eb luan\u00ebve. Luani afrikan (Panthera leo leo) gjendet vet\u00ebm n\u00eb Afrik\u00eb, konkretisht n\u00eb jug t\u00eb shkret\u00ebtir\u00ebs Sahara. Por ekziston edhe i ashtuquajturi luan aziatik (Panthera leo persica), i cili jeton si nj\u00eb popullat\u00eb e vog\u00ebl rreth Parkut Komb\u00ebtar t\u00eb Pyllit Gir n\u00eb Indin\u00eb per\u00ebndimore. Luan\u00ebt e eg\u00ebr n\u00eb Afrik\u00ebn per\u00ebndimore dhe qendrore jan\u00eb m\u00eb t\u00eb lidhur ngusht\u00eb me k\u00ebta luan\u00eb aziatik\u00eb n\u00eb Indi sesa me ata q\u00eb gjenden n\u00eb Afrik\u00ebn jugore dhe lindore.<\/p>\n\n\n\n<p><strong>Kush \u00ebsht\u00eb m\u00eb i r\u00ebnd\u00eb \u2013 mashkulli apo femra?<\/strong><\/p>\n\n\n\n<p>Meshkujt peshojn\u00eb mesatarisht rreth 190 kilogram\u00eb, nd\u00ebrsa femrat peshojn\u00eb mesatarisht 126 kilogram\u00eb. Kjo pesh\u00eb u jep atyre fuqin\u00eb p\u00ebr t\u00eb p\u00ebrballuar pren\u00eb e madhe dhe p\u00ebr t\u00eb mbrojtur krenarin\u00eb e tyre.<\/p>\n\n\n\n<p><strong>Manet kan\u00eb historin\u00eb e tyre.<\/strong><\/p>\n\n\n\n<p>Meshkujt kan\u00eb krif\u00eb mbres\u00ebl\u00ebn\u00ebse q\u00eb rriten me mosh\u00ebn. K\u00ebto krif\u00eb mund t\u00eb rriten deri n\u00eb 16 centimetra n\u00eb gjat\u00ebsi dhe jan\u00eb nj\u00eb shenj\u00eb dominimi. Sa m\u00eb t\u00eb vjet\u00ebr b\u00ebhen, aq m\u00eb t\u00eb err\u00ebta b\u00ebhen krifat e tyre. P\u00ebrve\u00e7 t\u00ebrheqjes s\u00eb femrave, krifat e tyre mund t\u00eb mbrojn\u00eb edhe qaf\u00ebn dhe kok\u00ebn e tyre nga l\u00ebndimet gjat\u00eb luftimeve.<\/p>\n\n\n\n<p><strong>Ata mund t\u00eb marrin uj\u00eb nga bim\u00ebt<\/strong><\/p>\n\n\n\n<p>Luan\u00ebt jan\u00eb shum\u00eb t\u00eb adaptuesh\u00ebm dhe mund t\u00eb jetojn\u00eb n\u00eb zona shum\u00eb t\u00eb thata si Shkret\u00ebtira e Kalaharit. K\u00ebtu ata e marrin pjes\u00ebn m\u00eb t\u00eb madhe t\u00eb ujit nga preja e tyre, madje e marrin at\u00eb nga bim\u00eb si nj\u00eb lloj shalqiri q\u00eb e han\u00eb.<\/p>\n","protected":false},"excerpt":{"rendered":"<p>Ja disa hapa q&euml; mund t&euml; nd&euml;rmerrni p&euml;r t&euml; ndihmuar n&euml; mbrojtjen e maceve t&euml; m&euml;dha: N&euml; prag t&euml; Dit&euml;s Bot&euml;rore t&euml; Luanit, Kopshti Zoologjik i Shkupit njoftoi se kopshti zoologjik &euml;sht&euml; sht&euml;pia e tet&euml; individ&euml;ve n&euml; kat&euml;r habitate nga n&euml;nlloje t&euml; ndryshme t&euml; k&euml;saj specie mbret&euml;rore t&euml; kafsh&euml;ve. Luani &euml;sht&euml; nj&euml; kafsh&euml; madh&euml;shtore q&euml; [&hellip;]<\/p>\n","protected":false},"author":2,"featured_media":42678,"comment_status":"open","ping_status":"closed","sticky":false,"template":"","format":"standard","meta":{"_monsterinsights_skip_tracking":false,"_monsterinsights_sitenote_active":false,"_monsterinsights_sitenote_note":"","_monsterinsights_sitenote_category":0,"footnotes":""},"categories":[568],"tags":[],"class_list":["post-42677","post","type-post","status-publish","format-standard","has-post-thumbnail","hentry","category-kuriozitete"],"_links":{"self":[{"href":"https:\/\/radiojehona.mk\/index.php?rest_route=\/wp\/v2\/posts\/42677","targetHints":{"allow":["GET"]}}],"collection":[{"href":"https:\/\/radiojehona.mk\/index.php?rest_route=\/wp\/v2\/posts"}],"about":[{"href":"https:\/\/radiojehona.mk\/index.php?rest_route=\/wp\/v2\/types\/post"}],"author":[{"embeddable":true,"href":"https:\/\/radiojehona.mk\/index.php?rest_route=\/wp\/v2\/users\/2"}],"replies":[{"embeddable":true,"href":"https:\/\/radiojehona.mk\/index.php?rest_route=%2Fwp%2Fv2%2Fcomments&post=42677"}],"version-history":[{"count":1,"href":"https:\/\/radiojehona.mk\/index.php?rest_route=\/wp\/v2\/posts\/42677\/revisions"}],"predecessor-version":[{"id":42679,"href":"https:\/\/radiojehona.mk\/index.php?rest_route=\/wp\/v2\/posts\/42677\/revisions\/42679"}],"wp:featuredmedia":[{"embeddable":true,"href":"https:\/\/radiojehona.mk\/index.php?rest_route=\/wp\/v2\/media\/42678"}],"wp:attachment":[{"href":"https:\/\/radiojehona.mk\/index.php?rest_route=%2Fwp%2Fv2%2Fmedia&parent=42677"}],"wp:term":[{"taxonomy":"category","embeddable":true,"href":"https:\/\/radiojehona.mk\/index.php?rest_route=%2Fwp%2Fv2%2Fcategories&post=42677"},{"taxonomy":"post_tag","embeddable":true,"href":"https:\/\/radiojehona.mk\/index.php?rest_route=%2Fwp%2Fv2%2Ftags&post=42677"}],"curies":[{"name":"wp","href":"https:\/\/api.w.org\/{rel}","templated":true}]}}