{"id":42674,"date":"2025-08-11T21:59:10","date_gmt":"2025-08-11T21:59:10","guid":{"rendered":"https:\/\/radiojehona.com\/?p=42674"},"modified":"2025-08-11T21:59:11","modified_gmt":"2025-08-11T21:59:11","slug":"shpat-kasapi-reagon-serish-pas-sherrit-ne-dasme-jam-mire-si-molla","status":"publish","type":"post","link":"https:\/\/radiojehona.mk\/?p=42674","title":{"rendered":"Shpat Kasapi reagon s\u00ebrish pas sherrit n\u00eb dasm\u00eb: Jam mir\u00eb si molla"},"content":{"rendered":"\n<figure class=\"wp-block-image size-large\"><img fetchpriority=\"high\" decoding=\"async\" width=\"1024\" height=\"538\" src=\"https:\/\/radiojehona.com\/wp-content\/uploads\/2025\/08\/1200-630-3ba82aa16732f9d13acab191088fac5b-1024x538.jpg\" alt=\"\" class=\"wp-image-42675\" srcset=\"https:\/\/radiojehona.mk\/wp-content\/uploads\/2025\/08\/1200-630-3ba82aa16732f9d13acab191088fac5b-1024x538.jpg 1024w, https:\/\/radiojehona.mk\/wp-content\/uploads\/2025\/08\/1200-630-3ba82aa16732f9d13acab191088fac5b-300x158.jpg 300w, https:\/\/radiojehona.mk\/wp-content\/uploads\/2025\/08\/1200-630-3ba82aa16732f9d13acab191088fac5b-768x403.jpg 768w, https:\/\/radiojehona.mk\/wp-content\/uploads\/2025\/08\/1200-630-3ba82aa16732f9d13acab191088fac5b.jpg 1200w\" sizes=\"(max-width: 1024px) 100vw, 1024px\" \/><\/figure>\n\n\n\n<p>Pas incidentit q\u00eb u p\u00ebrfol n\u00eb nj\u00eb dasm\u00eb n\u00eb Shkabaj t\u00eb Prishtin\u00ebs, k\u00ebng\u00ebtari i njohur Shpat Kasapi ka b\u00ebr\u00eb s\u00ebrish reagim n\u00eb rrjetet sociale, duke publikuar nj\u00eb video t\u00eb re n\u00eb InstaStory.<\/p>\n\n\n\n<p>Ky \u00ebsht\u00eb reagimi i tij i dyt\u00eb publik, pasi m\u00eb par\u00eb kishte folur p\u00ebr situat\u00ebn, por duket se ka dashur t\u00eb qet\u00ebsoj\u00eb edhe m\u00eb shum\u00eb fansat dhe t\u00eb v\u00ebrtetoj\u00eb se \u00ebsht\u00eb n\u00eb gjendje t\u00eb mir\u00eb.<\/p>\n\n\n\n<p>N\u00eb videon e fundit, Shpati u shfaq i qet\u00eb dhe me humor, duke th\u00ebn\u00eb: \u201cJam mir\u00eb si molla\u201d.Kjo fraz\u00eb e shkurt\u00ebr dhe e thjesht\u00eb ka p\u00ebr q\u00ebllim t\u2019i largoj\u00eb dyshimet dhe shqet\u00ebsimet q\u00eb mund t\u00eb ken\u00eb pasur ndjek\u00ebsit pas lajmeve p\u00ebr incidentin n\u00eb dasm\u00eb.<\/p>\n\n\n\n<p>Reagimi i Shpatit vjen pas postimeve me tone thumbuese t\u00eb ish-partneres s\u00eb tij n\u00eb rrjetet sociale, e cila kishte l\u00ebn\u00eb t\u00eb kuptohej p\u00ebr tensione mes tyre. Megjithat\u00eb, artisti ka zgjedhur t\u00eb mos i p\u00ebrgjigjet me polemika, por t\u00eb tregoj\u00eb pjekuri dhe qet\u00ebsi p\u00ebrmes k\u00ebtyre reagimeve.I nj\u00ebjti u tha se u rrah nga dasmor\u00ebt pasi shkoi me vones\u00eb n\u00eb dasm\u00eb dhe n\u00eb nj\u00eb gjendje jo t\u00eb mir\u00eb.<\/p>\n\n\n\n<p>E p\u00ebr Shpatin e gjitha ishte keqkuptim dhe se po vazhdon me angazhimet e tjera n\u00eb muzik\u00eb.&nbsp;<\/p>\n\n\n\n<figure class=\"wp-block-image\"><img decoding=\"async\" src=\"https:\/\/zeri.info\/uploads\/zeri.info\/images\/2025\/August\/11\/auto_Screenshot_19-41754933486.png\" alt=\"Image\"\/><\/figure>\n","protected":false},"excerpt":{"rendered":"<p>Pas incidentit q&euml; u p&euml;rfol n&euml; nj&euml; dasm&euml; n&euml; Shkabaj t&euml; Prishtin&euml;s, k&euml;ng&euml;tari i njohur Shpat Kasapi ka b&euml;r&euml; s&euml;rish reagim n&euml; rrjetet sociale, duke publikuar nj&euml; video t&euml; re n&euml; InstaStory. Ky &euml;sht&euml; reagimi i tij i dyt&euml; publik, pasi m&euml; par&euml; kishte folur p&euml;r situat&euml;n, por duket se ka dashur t&euml; qet&euml;soj&euml; edhe [&hellip;]<\/p>\n","protected":false},"author":2,"featured_media":42675,"comment_status":"open","ping_status":"closed","sticky":false,"template":"","format":"standard","meta":{"_monsterinsights_skip_tracking":false,"_monsterinsights_sitenote_active":false,"_monsterinsights_sitenote_note":"","_monsterinsights_sitenote_category":0,"footnotes":""},"categories":[7],"tags":[],"class_list":["post-42674","post","type-post","status-publish","format-standard","has-post-thumbnail","hentry","category-showbizz"],"_links":{"self":[{"href":"https:\/\/radiojehona.mk\/index.php?rest_route=\/wp\/v2\/posts\/42674","targetHints":{"allow":["GET"]}}],"collection":[{"href":"https:\/\/radiojehona.mk\/index.php?rest_route=\/wp\/v2\/posts"}],"about":[{"href":"https:\/\/radiojehona.mk\/index.php?rest_route=\/wp\/v2\/types\/post"}],"author":[{"embeddable":true,"href":"https:\/\/radiojehona.mk\/index.php?rest_route=\/wp\/v2\/users\/2"}],"replies":[{"embeddable":true,"href":"https:\/\/radiojehona.mk\/index.php?rest_route=%2Fwp%2Fv2%2Fcomments&post=42674"}],"version-history":[{"count":1,"href":"https:\/\/radiojehona.mk\/index.php?rest_route=\/wp\/v2\/posts\/42674\/revisions"}],"predecessor-version":[{"id":42676,"href":"https:\/\/radiojehona.mk\/index.php?rest_route=\/wp\/v2\/posts\/42674\/revisions\/42676"}],"wp:featuredmedia":[{"embeddable":true,"href":"https:\/\/radiojehona.mk\/index.php?rest_route=\/wp\/v2\/media\/42675"}],"wp:attachment":[{"href":"https:\/\/radiojehona.mk\/index.php?rest_route=%2Fwp%2Fv2%2Fmedia&parent=42674"}],"wp:term":[{"taxonomy":"category","embeddable":true,"href":"https:\/\/radiojehona.mk\/index.php?rest_route=%2Fwp%2Fv2%2Fcategories&post=42674"},{"taxonomy":"post_tag","embeddable":true,"href":"https:\/\/radiojehona.mk\/index.php?rest_route=%2Fwp%2Fv2%2Ftags&post=42674"}],"curies":[{"name":"wp","href":"https:\/\/api.w.org\/{rel}","templated":true}]}}