{"id":42669,"date":"2025-08-11T21:56:04","date_gmt":"2025-08-11T21:56:04","guid":{"rendered":"https:\/\/radiojehona.com\/?p=42669"},"modified":"2025-08-11T21:56:05","modified_gmt":"2025-08-11T21:56:05","slug":"temperaturat-e-larta-lene-pa-energji-elektrike-kryeqytetin-e-irakut-rritja-e-kerkeses-bllokon-dy-linja-transmetimi","status":"publish","type":"post","link":"https:\/\/radiojehona.mk\/?p=42669","title":{"rendered":"Temperaturat e larta l\u00ebn\u00eb pa energji elektrike kryeqytetin e Irakut, rritja e k\u00ebrkes\u00ebs bllokon dy linja transmetimi"},"content":{"rendered":"\n<figure class=\"wp-block-image size-full\"><img fetchpriority=\"high\" decoding=\"async\" width=\"640\" height=\"360\" src=\"https:\/\/radiojehona.com\/wp-content\/uploads\/2025\/08\/640-0-deb36d2f6a78c193f1200d288194d150.jpg\" alt=\"\" class=\"wp-image-42670\" srcset=\"https:\/\/radiojehona.mk\/wp-content\/uploads\/2025\/08\/640-0-deb36d2f6a78c193f1200d288194d150.jpg 640w, https:\/\/radiojehona.mk\/wp-content\/uploads\/2025\/08\/640-0-deb36d2f6a78c193f1200d288194d150-300x169.jpg 300w\" sizes=\"(max-width: 640px) 100vw, 640px\" \/><\/figure>\n\n\n\n<p>Nj\u00eb \u201cblackout\u201d goditi rrjetin elektrik t\u00eb Irakut sot, i shkaktuar nga temperaturat rekord t\u00eb larta dhe nj\u00eb rritje e k\u00ebrkes\u00ebs q\u00eb shkat\u00ebrroi dy linja transmetimi, tha Ministria e Energjetik\u00ebs.<\/p>\n\n\n\n<p>Edhe pse familjet jan\u00eb ende n\u00eb gjendje t\u00eb marrin energji nga gjenerator\u00ebt, nd\u00ebrprerja vjen nd\u00ebrsa temperaturat arrit\u00ebn 50\u00b0C n\u00eb Bagdad dhe 11 provinca qendrore dhe jugore t\u00eb tij.<\/p>\n\n\n\n<p>Rritja e k\u00ebrkes\u00ebs \u00ebsht\u00eb kryesisht n\u00eb provinc\u00ebn e Karbala-s, tha ministria, ku miliona pelegrin\u00eb po dynden n\u00eb qytetin e shenjt\u00eb t\u00eb shiit\u00ebve p\u00ebr fest\u00ebn e madhe fetare t\u00eb Arbainit.<\/p>\n\n\n\n<p>\u201cEkipet tona jan\u00eb mobilizuar n\u00eb terren p\u00ebr restaurimin gradual n\u00eb or\u00ebt e ardhshme\u201d t\u00eb rrjetit, tha Ministria e Energjis\u00eb Elektrike n\u00eb nj\u00eb deklarat\u00eb.<\/p>\n\n\n\n<p>Sipas ministris\u00eb, p\u00ebr shkak t\u00eb rritjes s\u00eb temperatur\u00ebs dhe k\u00ebrkes\u00ebs n\u00eb rritje, dy linja transmetimi u nxor\u00ebn jasht\u00eb funksionit, \u201cduke shkaktuar nj\u00eb humbje t\u00eb papritur dhe aksidentale n\u00eb rrjet prej m\u00eb shum\u00eb se 6,000 megavat\u00ebsh\u201d, gj\u00eb q\u00eb \u00e7oi n\u00eb nj\u00eb nd\u00ebrprerje t\u00eb plot\u00eb dhe mbylljen e termocentraleve.<\/p>\n\n\n\n<p>Kjo val\u00eb e nxeht\u00ebsis\u00eb do t\u00eb zgjas\u00eb p\u00ebr m\u00eb shum\u00eb se nj\u00eb jav\u00eb, sipas agjencis\u00eb meteorologjike.<\/p>\n\n\n\n<p>\u201cIraku aktualisht po p\u00ebrjeton val\u00eb t\u00eb nxehti m\u00eb intensive dhe m\u00eb t\u00eb shpeshta\u201d sesa n\u00eb shekullin e 20-t\u00eb, tha p\u00ebr AFP z\u00ebdh\u00ebn\u00ebsi i agjencis\u00eb meteorologjike, Amer al-Jaberi, duke p\u00ebrmendur ndryshimet klimatike dhe faktor\u00ebt njer\u00ebzor\u00eb.<\/p>\n\n\n\n<p>Ai theksoi se emetimet e gazrave serr\u00eb dhe tymi nga gjenerator\u00ebt privat\u00eb \u201ckontribuojn\u00eb n\u00eb rritjen e temperatur\u00ebs\u201d.<\/p>\n\n\n\n<p>Al-Jaberi mb\u00ebshtet krijimin e nj\u00eb \u201cbrezi t\u00eb gjelb\u00ebr\u201d rreth Bagdadit \u201cn\u00eb m\u00ebnyr\u00eb q\u00eb qyteti t\u00eb mund t\u00eb marr\u00eb frym\u00eb pak\u201d.<\/p>\n\n\n\n<p>\u00c7\u00ebshtja e energjis\u00eb elektrike \u00ebsht\u00eb jasht\u00ebzakonisht e ndjeshme n\u00eb Irak, ku nd\u00ebrprerjet e energjis\u00eb elektrike, t\u00eb cilat p\u00ebrkeq\u00ebsohen gjat\u00eb ver\u00ebs, shkaktojn\u00eb rregullisht protesta dhe rrisin zhg\u00ebnjimin e publikut me elit\u00ebn sunduese.<\/p>\n\n\n\n<p>N\u00eb korrik 2023, nj\u00eb zjarr n\u00eb nj\u00eb stacion transmetimi n\u00eb Irakun jugor shkaktoi nj\u00eb nd\u00ebrprerje t\u00eb p\u00ebrgjithshme t\u00eb energjis\u00eb elektrike.<\/p>\n\n\n\n<p>Edhe pse shumica d\u00ebrrmuese e irakian\u00ebve p\u00ebrdorin gjenerator\u00eb privat\u00eb, ky burim energjie elektrike nuk \u00ebsht\u00eb gjithmon\u00eb i mjaftuesh\u00ebm p\u00ebr t\u00eb operuar pajisjet sht\u00ebpiake, ve\u00e7an\u00ebrisht kondicioner\u00ebt.<\/p>\n\n\n\n<p>P\u00ebr t\u00eb shmangur nd\u00ebrprerjet e energjis\u00eb, Iraku duhet t\u00eb gjeneroj\u00eb rreth 55,000 MW gjat\u00eb k\u00ebrkes\u00ebs maksimale. K\u00ebt\u00eb muaj, p\u00ebr her\u00eb t\u00eb par\u00eb, termocentralet e Irakut arrit\u00ebn n\u00eb shifr\u00ebn 28,000 MW.<\/p>\n","protected":false},"excerpt":{"rendered":"<p>Nj&euml; &ldquo;blackout&rdquo; goditi rrjetin elektrik t&euml; Irakut sot, i shkaktuar nga temperaturat rekord t&euml; larta dhe nj&euml; rritje e k&euml;rkes&euml;s q&euml; shkat&euml;rroi dy linja transmetimi, tha Ministria e Energjetik&euml;s. Edhe pse familjet jan&euml; ende n&euml; gjendje t&euml; marrin energji nga gjenerator&euml;t, nd&euml;rprerja vjen nd&euml;rsa temperaturat arrit&euml;n 50&deg;C n&euml; Bagdad dhe 11 provinca qendrore dhe jugore [&hellip;]<\/p>\n","protected":false},"author":2,"featured_media":42670,"comment_status":"open","ping_status":"closed","sticky":false,"template":"","format":"standard","meta":{"_monsterinsights_skip_tracking":false,"_monsterinsights_sitenote_active":false,"_monsterinsights_sitenote_note":"","_monsterinsights_sitenote_category":0,"footnotes":""},"categories":[569],"tags":[],"class_list":["post-42669","post","type-post","status-publish","format-standard","has-post-thumbnail","hentry","category-bota"],"_links":{"self":[{"href":"https:\/\/radiojehona.mk\/index.php?rest_route=\/wp\/v2\/posts\/42669","targetHints":{"allow":["GET"]}}],"collection":[{"href":"https:\/\/radiojehona.mk\/index.php?rest_route=\/wp\/v2\/posts"}],"about":[{"href":"https:\/\/radiojehona.mk\/index.php?rest_route=\/wp\/v2\/types\/post"}],"author":[{"embeddable":true,"href":"https:\/\/radiojehona.mk\/index.php?rest_route=\/wp\/v2\/users\/2"}],"replies":[{"embeddable":true,"href":"https:\/\/radiojehona.mk\/index.php?rest_route=%2Fwp%2Fv2%2Fcomments&post=42669"}],"version-history":[{"count":1,"href":"https:\/\/radiojehona.mk\/index.php?rest_route=\/wp\/v2\/posts\/42669\/revisions"}],"predecessor-version":[{"id":42671,"href":"https:\/\/radiojehona.mk\/index.php?rest_route=\/wp\/v2\/posts\/42669\/revisions\/42671"}],"wp:featuredmedia":[{"embeddable":true,"href":"https:\/\/radiojehona.mk\/index.php?rest_route=\/wp\/v2\/media\/42670"}],"wp:attachment":[{"href":"https:\/\/radiojehona.mk\/index.php?rest_route=%2Fwp%2Fv2%2Fmedia&parent=42669"}],"wp:term":[{"taxonomy":"category","embeddable":true,"href":"https:\/\/radiojehona.mk\/index.php?rest_route=%2Fwp%2Fv2%2Fcategories&post=42669"},{"taxonomy":"post_tag","embeddable":true,"href":"https:\/\/radiojehona.mk\/index.php?rest_route=%2Fwp%2Fv2%2Ftags&post=42669"}],"curies":[{"name":"wp","href":"https:\/\/api.w.org\/{rel}","templated":true}]}}