{"id":42663,"date":"2025-08-11T21:53:52","date_gmt":"2025-08-11T21:53:52","guid":{"rendered":"https:\/\/radiojehona.com\/?p=42663"},"modified":"2025-08-11T21:53:53","modified_gmt":"2025-08-11T21:53:53","slug":"tragjike-ne-gjermani-37-vjecari-vret-gruan-merr-foshnjen-3-muajshe-dhe-vetevritet-futet-me-makine-ne-korsine-e-kundert","status":"publish","type":"post","link":"https:\/\/radiojehona.mk\/?p=42663","title":{"rendered":"Tragjike n\u00eb Gjermani! 37-vje\u00e7ari vret gruan, merr foshnj\u00ebn 3 muajshe dhe vet\u00ebvritet! Futet me makin\u00eb n\u00eb korsin\u00eb e kund\u00ebrt"},"content":{"rendered":"\n<figure class=\"wp-block-image size-large\"><img fetchpriority=\"high\" decoding=\"async\" width=\"1024\" height=\"576\" src=\"https:\/\/radiojehona.com\/wp-content\/uploads\/2025\/08\/IMG_9257-1024x576.webp\" alt=\"\" class=\"wp-image-42664\" srcset=\"https:\/\/radiojehona.mk\/wp-content\/uploads\/2025\/08\/IMG_9257-1024x576.webp 1024w, https:\/\/radiojehona.mk\/wp-content\/uploads\/2025\/08\/IMG_9257-300x169.webp 300w, https:\/\/radiojehona.mk\/wp-content\/uploads\/2025\/08\/IMG_9257-768x432.webp 768w, https:\/\/radiojehona.mk\/wp-content\/uploads\/2025\/08\/IMG_9257-800x450.webp 800w, https:\/\/radiojehona.mk\/wp-content\/uploads\/2025\/08\/IMG_9257.webp 1280w\" sizes=\"(max-width: 1024px) 100vw, 1024px\" \/><\/figure>\n\n\n\n<p>Nj\u00eb 37-vje\u00e7ar gjerman kreu vet\u00ebvrasje me foshnj\u00ebn e tij 3-muajshe duke e p\u00ebrplasur makin\u00ebn drejt n\u00eb nj\u00eb makin\u00eb tjet\u00ebr, pasi vrau gruan e tij gjat\u00eb nj\u00eb grindjeje.<\/p>\n\n\n\n<p>Burri 37-vje\u00e7ar, identiteti i t\u00eb cilit nuk \u00ebsht\u00eb b\u00ebr\u00eb i ditur, vrau gruan e tij 34-vje\u00e7are \u201cduke p\u00ebrdorur nj\u00eb objekt t\u00eb mpreht\u00eb\u201d pas nj\u00eb grindjeje n\u00eb sht\u00ebpin\u00eb e tyre t\u00eb diel\u00ebn n\u00eb mbr\u00ebmje, sipas mediave lokale.<\/p>\n\n\n\n<p>Policia ende nuk ka konfirmuar se \u00e7far\u00eb lloj arme \u00ebsht\u00eb p\u00ebrdorur n\u00eb krim.<\/p>\n\n\n\n<p>Pas incidentit, ai doli nga apartamenti n\u00eb Waldachtal n\u00eb Baden-W\u00fcrttemberg dhe mori me vete foshnj\u00ebn e tyre 3-muajshe.<\/p>\n\n\n\n<p>Ai thuhet se e drejtoi makin\u00ebn drejt Pfalzgrafenweiler, ku u kthye n\u00eb korsin\u00eb p\u00ebrball\u00eb dhe u p\u00ebrplas me nj\u00eb makin\u00eb t\u00eb drejtuar nga nj\u00eb grua 29-vje\u00e7are.<\/p>\n\n\n\n<p>Sipas policis\u00eb, burri dhe foshnja e tij humb\u00ebn jet\u00ebn n\u00eb p\u00ebrplasje.<\/p>\n\n\n\n<p>Nd\u00ebrkoh\u00eb, gruaja n\u00eb makin\u00ebn tjet\u00ebr dhe nj\u00eb f\u00ebmij\u00eb 22-muajsh q\u00eb ishte pasagjer p\u00ebsuan l\u00ebndime t\u00eb r\u00ebnda. Megjithat\u00eb, policia tha se l\u00ebndimet e tyre nuk ishin k\u00ebrc\u00ebnuese p\u00ebr jet\u00ebn.<\/p>\n\n\n\n<p>Pas aksidentit, t\u00eb dy automjetet u sekuestruan dhe rruga u mbyll p\u00ebr disa or\u00eb.<\/p>\n\n\n\n<p>Nj\u00eb ekspert mjeko-ligjor u thirr n\u00eb vendin e aksidentit p\u00ebr t\u00eb p\u00ebrcaktuar shkakun e p\u00ebrplasjes, nd\u00ebrkoh\u00eb departamenti i Hetimit Penal ka nisur nj\u00eb hetim t\u00eb plot\u00eb p\u00ebr t\u00eb dy incidentet.<\/p>\n","protected":false},"excerpt":{"rendered":"<p>Nj&euml; 37-vje&ccedil;ar gjerman kreu vet&euml;vrasje me foshnj&euml;n e tij 3-muajshe duke e p&euml;rplasur makin&euml;n drejt n&euml; nj&euml; makin&euml; tjet&euml;r, pasi vrau gruan e tij gjat&euml; nj&euml; grindjeje. Burri 37-vje&ccedil;ar, identiteti i t&euml; cilit nuk &euml;sht&euml; b&euml;r&euml; i ditur, vrau gruan e tij 34-vje&ccedil;are &ldquo;duke p&euml;rdorur nj&euml; objekt t&euml; mpreht&euml;&rdquo; pas nj&euml; grindjeje n&euml; sht&euml;pin&euml; e [&hellip;]<\/p>\n","protected":false},"author":2,"featured_media":42664,"comment_status":"open","ping_status":"closed","sticky":false,"template":"","format":"standard","meta":{"_monsterinsights_skip_tracking":false,"_monsterinsights_sitenote_active":false,"_monsterinsights_sitenote_note":"","_monsterinsights_sitenote_category":0,"footnotes":""},"categories":[569],"tags":[],"class_list":["post-42663","post","type-post","status-publish","format-standard","has-post-thumbnail","hentry","category-bota"],"_links":{"self":[{"href":"https:\/\/radiojehona.mk\/index.php?rest_route=\/wp\/v2\/posts\/42663","targetHints":{"allow":["GET"]}}],"collection":[{"href":"https:\/\/radiojehona.mk\/index.php?rest_route=\/wp\/v2\/posts"}],"about":[{"href":"https:\/\/radiojehona.mk\/index.php?rest_route=\/wp\/v2\/types\/post"}],"author":[{"embeddable":true,"href":"https:\/\/radiojehona.mk\/index.php?rest_route=\/wp\/v2\/users\/2"}],"replies":[{"embeddable":true,"href":"https:\/\/radiojehona.mk\/index.php?rest_route=%2Fwp%2Fv2%2Fcomments&post=42663"}],"version-history":[{"count":1,"href":"https:\/\/radiojehona.mk\/index.php?rest_route=\/wp\/v2\/posts\/42663\/revisions"}],"predecessor-version":[{"id":42665,"href":"https:\/\/radiojehona.mk\/index.php?rest_route=\/wp\/v2\/posts\/42663\/revisions\/42665"}],"wp:featuredmedia":[{"embeddable":true,"href":"https:\/\/radiojehona.mk\/index.php?rest_route=\/wp\/v2\/media\/42664"}],"wp:attachment":[{"href":"https:\/\/radiojehona.mk\/index.php?rest_route=%2Fwp%2Fv2%2Fmedia&parent=42663"}],"wp:term":[{"taxonomy":"category","embeddable":true,"href":"https:\/\/radiojehona.mk\/index.php?rest_route=%2Fwp%2Fv2%2Fcategories&post=42663"},{"taxonomy":"post_tag","embeddable":true,"href":"https:\/\/radiojehona.mk\/index.php?rest_route=%2Fwp%2Fv2%2Ftags&post=42663"}],"curies":[{"name":"wp","href":"https:\/\/api.w.org\/{rel}","templated":true}]}}