{"id":42660,"date":"2025-08-11T21:51:35","date_gmt":"2025-08-11T21:51:35","guid":{"rendered":"https:\/\/radiojehona.com\/?p=42660"},"modified":"2025-08-11T21:51:36","modified_gmt":"2025-08-11T21:51:36","slug":"presidenti-iranian-rindertimi-berthamor-pa-bisedime-me-shba-ne-i-kote","status":"publish","type":"post","link":"https:\/\/radiojehona.mk\/?p=42660","title":{"rendered":"Presidenti iranian: Rind\u00ebrtimi b\u00ebrthamor pa bisedime me SHBA-n\u00eb, i kot\u00eb"},"content":{"rendered":"\n<figure class=\"wp-block-image size-full\"><img fetchpriority=\"high\" decoding=\"async\" width=\"600\" height=\"360\" src=\"https:\/\/radiojehona.com\/wp-content\/uploads\/2025\/08\/iran-600x360-1.webp\" alt=\"\" class=\"wp-image-42661\" srcset=\"https:\/\/radiojehona.mk\/wp-content\/uploads\/2025\/08\/iran-600x360-1.webp 600w, https:\/\/radiojehona.mk\/wp-content\/uploads\/2025\/08\/iran-600x360-1-300x180.webp 300w\" sizes=\"(max-width: 600px) 100vw, 600px\" \/><\/figure>\n\n\n\n<p>Presidenti iranian, Masud Pezeshkian, ka paralajm\u00ebruar se shteti i tij p\u00ebrballet me p\u00ebrshkall\u00ebzim konflikti me Shtetet e Bashkuara, n\u00ebse nuk ndiqet rruga e diplomacis\u00eb.<\/p>\n\n\n\n<p>Duke folur me udh\u00ebheq\u00ebs mediash m\u00eb 10 gusht, Pezeshkian i ka kritikuar kund\u00ebrshtar\u00ebt e bisedimeve me Uashingtonin p\u00ebr programin b\u00ebrthamor t\u00eb Teheranit, duke th\u00ebn\u00eb se Shtetet e Bashkuara do t\u2019i sulmojn\u00eb s\u00ebrish objektet b\u00ebrthamore iraniane, n\u00ebse ato rind\u00ebrtohen.<\/p>\n\n\n\n<p>SHBA-ja i \u00ebsht\u00eb bashkuar fushat\u00ebs ajrore t\u00eb Izraelit kund\u00ebr Iranit m\u00eb 22 qershor, duke bombarduar qendrat b\u00ebrthamore, Fordov, Natanz dhe Isfahan me bombarduesit B-2 dhe raketa Tomahavk.<\/p>\n\n\n\n<p>Presidenti amerikan, Donald Trump ka th\u00ebn\u00eb se qendrat b\u00ebrthamore iraniane jan\u00eb \u201cshkat\u00ebrruar plot\u00ebsisht\u201d.<\/p>\n\n\n\n<p>Pezeshkian ka th\u00ebn\u00eb se dor\u00ebzimi \u201cnuk \u00ebsht\u00eb n\u00eb natyr\u00ebn ton\u00eb\u201d, por as grindjet nuk do ta \u00e7ojn\u00eb Teheranin askund.<\/p>\n\n\n\n<p>\u201cT\u00eb supozojm\u00eb se nuk d\u00ebshironi t\u00eb negociohet, at\u00ebher\u00eb \u00e7far\u00eb d\u00ebshironi t\u00eb b\u00ebni? T\u00eb shkoni n\u00eb luft\u00eb?\u201d, ka pyetur Pezeshkian.<\/p>\n\n\n\n<p>Deklaratat e tij i ka kritikuar menj\u00ebher\u00eb agjencia e lajmeve Tasnim, e cila sh\u00ebrben si krah i Gard\u00ebs Revolucionare Islamike.<\/p>\n\n\n\n<p>\u201cKur armiqt\u00eb t\u2019i d\u00ebgjojn\u00eb k\u00ebto fjal\u00eb, \u00e7far\u00eb vendimi do t\u00eb marrin ata dhe \u00e7far\u00eb bindjesh do t\u00eb krijojn\u00eb p\u00ebr Iranin? Qartazi, p\u00ebrshtypja e vetme \u00ebsht\u00eb p\u00ebr \u2018dob\u00ebsin\u00eb\u2019 iraniane\u201d, ka shkruar Tasnim n\u00eb nj\u00eb editorial.<\/p>\n\n\n\n<p>Sipas agjencis\u00eb, q\u00ebndrimi i presidentit iranian e tregon nj\u00eb shtet \u201ct\u00eb dob\u00ebt dhe t\u00eb d\u00ebshp\u00ebruar\u201d.<\/p>\n\n\n\n<p>Hossein Shariatmadari, kryeredaktor i agjencis\u00eb Kayhan, dhe i em\u00ebruar nga lideri suprem Iranian, Ayatollah Ali Khamenei n\u00eb at\u00eb pozit\u00eb, e ka kritikuar Pezeshkianin p\u00ebr synimet e tij q\u00eb t\u00eb diskutoj\u00eb me Uashingtonin.<\/p>\n\n\n\n<p>Ai ka pretenduar, pa ndonj\u00eb d\u00ebshmi, q\u00eb Shtetet e Bashkuara dhe Izraeli \u201ce kan\u00eb pranuar hapur humbjen\u201d n\u00eb luft\u00ebn 12-ditore n\u00eb qershor dhe q\u00eb Uashingtoni \u201ce ka lutur\u201d Iranin p\u00ebr t\u00eb biseduar.<\/p>\n\n\n\n<p>Muajin e kaluar Irani ka zhvilluar bisedime me fuqit\u00eb evropiane lidhur me programin e vet b\u00ebrthamor.<\/p>\n\n\n\n<p>Zyrtar\u00ebt iranian\u00eb kan\u00eb th\u00ebn\u00eb se bisedimet do t\u00eb vazhdojn\u00eb, por pa treguar dat\u00ebn e re.<\/p>\n\n\n\n<p>Qeverit\u00eb evropiane kan\u00eb paralajm\u00ebruar q\u00eb n\u00ebse nuk arrihet p\u00ebrparim i r\u00ebnd\u00ebsish\u00ebm n\u00eb bisedimet mes Teheranit dhe Uashingtonit deri n\u00eb fund t\u00eb gushtit, ata do t\u2019i rivendosin sanksionet e Kombeve t\u00eb Bashkuara kund\u00ebr Iranit \u2013 veprim q\u00eb Irani e ka p\u00ebrshkruar si \u201cdh\u00ebnie fund\u201d t\u00eb rolit t\u00eb Evrop\u00ebs n\u00eb kapitullin b\u00ebrthamor.<\/p>\n\n\n\n<p>Irani dhe SHBA-ja ishte planifikuar t\u00eb zhvillonin rundin e ri t\u00eb bisedimeve m\u00eb 15 qershor, mir\u00ebpo takimi \u00ebsht\u00eb anuluar p\u00ebr shkak t\u00eb luft\u00ebs.<\/p>\n\n\n\n<p>Dy pal\u00ebt ende nuk jan\u00eb pajtuar p\u00ebr t\u2019u takuar. Teherani deklaron se nuk mund t\u2019i besoj\u00eb Uashingtonit, nd\u00ebrsa Sht\u00ebpia e Bardh\u00eb v\u00eb n\u00eb pik\u00ebpyetje n\u00ebse ka logjik\u00eb t\u00eb zhvillohen bisedime, duke marr\u00eb parasysh d\u00ebmin q\u00eb u \u00ebsht\u00eb shkaktuar qendrave b\u00ebrthamore iraniane. \/REL<\/p>\n","protected":false},"excerpt":{"rendered":"<p>Presidenti iranian, Masud Pezeshkian, ka paralajm&euml;ruar se shteti i tij p&euml;rballet me p&euml;rshkall&euml;zim konflikti me Shtetet e Bashkuara, n&euml;se nuk ndiqet rruga e diplomacis&euml;. Duke folur me udh&euml;heq&euml;s mediash m&euml; 10 gusht, Pezeshkian i ka kritikuar kund&euml;rshtar&euml;t e bisedimeve me Uashingtonin p&euml;r programin b&euml;rthamor t&euml; Teheranit, duke th&euml;n&euml; se Shtetet e Bashkuara do t&rsquo;i sulmojn&euml; [&hellip;]<\/p>\n","protected":false},"author":2,"featured_media":42661,"comment_status":"open","ping_status":"closed","sticky":false,"template":"","format":"standard","meta":{"_monsterinsights_skip_tracking":false,"_monsterinsights_sitenote_active":false,"_monsterinsights_sitenote_note":"","_monsterinsights_sitenote_category":0,"footnotes":""},"categories":[569],"tags":[],"class_list":["post-42660","post","type-post","status-publish","format-standard","has-post-thumbnail","hentry","category-bota"],"_links":{"self":[{"href":"https:\/\/radiojehona.mk\/index.php?rest_route=\/wp\/v2\/posts\/42660","targetHints":{"allow":["GET"]}}],"collection":[{"href":"https:\/\/radiojehona.mk\/index.php?rest_route=\/wp\/v2\/posts"}],"about":[{"href":"https:\/\/radiojehona.mk\/index.php?rest_route=\/wp\/v2\/types\/post"}],"author":[{"embeddable":true,"href":"https:\/\/radiojehona.mk\/index.php?rest_route=\/wp\/v2\/users\/2"}],"replies":[{"embeddable":true,"href":"https:\/\/radiojehona.mk\/index.php?rest_route=%2Fwp%2Fv2%2Fcomments&post=42660"}],"version-history":[{"count":1,"href":"https:\/\/radiojehona.mk\/index.php?rest_route=\/wp\/v2\/posts\/42660\/revisions"}],"predecessor-version":[{"id":42662,"href":"https:\/\/radiojehona.mk\/index.php?rest_route=\/wp\/v2\/posts\/42660\/revisions\/42662"}],"wp:featuredmedia":[{"embeddable":true,"href":"https:\/\/radiojehona.mk\/index.php?rest_route=\/wp\/v2\/media\/42661"}],"wp:attachment":[{"href":"https:\/\/radiojehona.mk\/index.php?rest_route=%2Fwp%2Fv2%2Fmedia&parent=42660"}],"wp:term":[{"taxonomy":"category","embeddable":true,"href":"https:\/\/radiojehona.mk\/index.php?rest_route=%2Fwp%2Fv2%2Fcategories&post=42660"},{"taxonomy":"post_tag","embeddable":true,"href":"https:\/\/radiojehona.mk\/index.php?rest_route=%2Fwp%2Fv2%2Ftags&post=42660"}],"curies":[{"name":"wp","href":"https:\/\/api.w.org\/{rel}","templated":true}]}}