{"id":42657,"date":"2025-08-11T21:43:34","date_gmt":"2025-08-11T21:43:34","guid":{"rendered":"https:\/\/radiojehona.com\/?p=42657"},"modified":"2025-08-11T21:43:35","modified_gmt":"2025-08-11T21:43:35","slug":"keta-jane-kater-policet-e-suspenduar-lidhur-me-vrasjen-e-trefishte-ne-gjilan","status":"publish","type":"post","link":"https:\/\/radiojehona.mk\/?p=42657","title":{"rendered":"K\u00ebta jan\u00eb kat\u00ebr polic\u00ebt e suspenduar lidhur me vrasjen e trefisht\u00eb n\u00eb Gjilan"},"content":{"rendered":"\n<figure class=\"wp-block-image size-large\"><img fetchpriority=\"high\" decoding=\"async\" width=\"1024\" height=\"574\" src=\"https:\/\/radiojehona.com\/wp-content\/uploads\/2025\/08\/529431572_1108379834610554_331199419274372665_n-1024x574.jpg\" alt=\"\" class=\"wp-image-42658\" srcset=\"https:\/\/radiojehona.mk\/wp-content\/uploads\/2025\/08\/529431572_1108379834610554_331199419274372665_n-1024x574.jpg 1024w, https:\/\/radiojehona.mk\/wp-content\/uploads\/2025\/08\/529431572_1108379834610554_331199419274372665_n-300x168.jpg 300w, https:\/\/radiojehona.mk\/wp-content\/uploads\/2025\/08\/529431572_1108379834610554_331199419274372665_n-768x431.jpg 768w, https:\/\/radiojehona.mk\/wp-content\/uploads\/2025\/08\/529431572_1108379834610554_331199419274372665_n-1536x861.jpg 1536w, https:\/\/radiojehona.mk\/wp-content\/uploads\/2025\/08\/529431572_1108379834610554_331199419274372665_n.jpg 2048w\" sizes=\"(max-width: 1024px) 100vw, 1024px\" \/><\/figure>\n\n\n\n<p><strong>Kat\u00ebr zyrtar\u00eb policor\u00eb jan\u00eb suspenduar nga Inspektorati Policor i Kosov\u00ebs, lidhur me vrasjen e trefisht\u00eb q\u00eb ndodhi t\u00eb diel\u00ebn n\u00eb Gjilan.<\/strong><\/p>\n\n\n\n<p>Gazeta Online Reporteri.net merr vesh se zyrtar\u00ebt e suspenduar jan\u00eb Bekim Sabedini, Ardian Demiri, Metush Arifi dhe Shaban Hajdaraj.<\/p>\n\n\n\n<p>Sabedini \u00ebsht\u00eb rreshter n\u00eb Nj\u00ebsin\u00eb e Hetimeve Rajonale n\u00eb Drejtorin\u00eb e Policis\u00eb n\u00eb Gjilan, Demiri \u00ebsht\u00eb hetues n\u00eb Stacionin Policor n\u00eb Gjilan, Arifi \u00ebsht\u00eb polic n\u00eb Nj\u00ebsin\u00eb e Reagimit t\u00eb Shpejt\u00eb n\u00eb Drejtorin\u00eb n\u00eb Gjilan si dhe Hajdari \u00ebsht\u00eb rreshter \u2013 Shef i Hetimeve n\u00eb Stacionin Policor n\u00eb Novob\u00ebrd\u00eb.<\/p>\n\n\n\n<p>IPK ka th\u00ebn\u00eb se supendimi i tyre \u00ebsht\u00eb b\u00ebr\u00eb n\u00eb kuad\u00ebr t\u00eb nj\u00eb hetim paraprak n\u00eb kuad\u00ebr t\u00eb t\u00eb cilit do t\u00eb hetohet n\u00ebse ka pasur ndonj\u00eb l\u00ebshim apo p\u00ebrfshirjeje t\u00eb mundshme t\u00eb ndonj\u00eb pjes\u00ebtari t\u00eb Policis\u00eb s\u00eb Kosov\u00ebs n\u00eb veprimtarin\u00eb kriminale t\u00eb t\u00eb dyshuarit i shpallur n\u00eb k\u00ebrkim p\u00ebr vrasjen e trefisht\u00eb n\u00eb Gjilan.<\/p>\n\n\n\n<p>\u201cInspektorati Policor i Kosov\u00ebs, n\u00eb koordinim me Kryeprokurorin e Prokuroris\u00eb Themelore Gjilan \u00ebsht\u00eb duke zhvilluar hetime penale paraprake ndaj t\u00eb lartcekurve lidhur me dyshime p\u00ebr p\u00ebrfshirje n\u00eb veprimtari t\u00eb kund\u00ebrligjshme me elemente t\u00eb vepr\u00ebs penale. Hetimet jan\u00eb n\u00eb faz\u00ebn fillestare dhe p\u00ebrfshijn\u00eb mbledhjen e provave materiale, marrjen e deklaratave dhe veprime t\u00eb tjera procedurale\u201d, thuhet n\u00eb njoftim.<\/p>\n\n\n\n<p>Vendimi i IPK\u2019s\u00eb vjen disa or\u00eb pasi Ministri n\u00eb detyr\u00eb i Pun\u00ebve t\u00eb Brendshme, Xhelal Sve\u00e7la, urdh\u00ebroi Inspektoratin Policor t\u00eb Kosov\u00ebs (IPK) q\u00eb t\u00eb hetoj\u00eb \u00e7do l\u00ebshim apo p\u00ebrfshirje t\u00eb mundshme t\u00eb ndonj\u00eb pjes\u00ebtari t\u00eb Policis\u00eb s\u00eb Kosov\u00ebs n\u00eb veprimtarin\u00eb kriminale t\u00eb Mefail Shkodr\u00ebs \u2013 person i shpallur n\u00eb k\u00ebrkim p\u00ebr vrasjen e trefisht\u00eb n\u00eb Gjilan.<\/p>\n\n\n\n<p>\u201cKam theksuar n\u00eb \u00e7do deklarim publik dhe n\u00eb \u00e7do takim me mekanizmat q\u00eb drejtoj, angazhimin maksimal p\u00ebr garantimin e integritetit personal dhe profesional t\u00eb \u00e7do sh\u00ebrbyesi publik n\u00eb vendin ton\u00eb. Vazhdoj t\u00eb jem i pakompromis n\u00eb k\u00ebt\u00eb drejtim dhe mb\u00ebshtes \u00e7do form\u00eb t\u00eb koordinimit nd\u00ebrinstitucional q\u00eb siguron institucione kredibile, t\u00eb besueshme dhe plot\u00ebsisht n\u00eb sh\u00ebrbim t\u00eb qytetar\u00ebve tan\u00eb\u201d, ka shkruar ai.<\/p>\n\n\n\n<p>Sve\u00e7la ka theksuar se askush nuk \u00ebsht\u00eb i papreksh\u00ebm apo i pand\u00ebshkuesh\u00ebm, \u201cve\u00e7an\u00ebrisht brenda nj\u00eb institucioni q\u00eb ka p\u00ebr mandat parandalimin, hetimin dhe luftimin e \u00e7do veprimtarie ilegale n\u00eb vendin ton\u00eb\u201d.<\/p>\n\n\n\n<p>Ai ka k\u00ebrkuar q\u00eb me t\u00eb nj\u00ebjt\u00ebn vendosm\u00ebri t\u00eb veprojn\u00eb edhe institucionet e tjera t\u00eb sistemit, sidomos drejt\u00ebsia, \u201cn\u00eb m\u00ebnyr\u00eb q\u00eb qytetar\u00ebt tan\u00eb t\u00eb jetojn\u00eb dhe t\u00eb zhvillohen n\u00eb nj\u00eb Republik\u00eb ku sundojn\u00eb siguria, rendi dhe ligji\u201d.<\/p>\n\n\n\n<p>T\u00eb dyshuarit p\u00ebr vrasjen e trefisht\u00eb n\u00eb Gjilan ndodhen akoma n\u00eb arrati.\/Reporteri.net<\/p>\n","protected":false},"excerpt":{"rendered":"<p>Kat&euml;r zyrtar&euml; policor&euml; jan&euml; suspenduar nga Inspektorati Policor i Kosov&euml;s, lidhur me vrasjen e trefisht&euml; q&euml; ndodhi t&euml; diel&euml;n n&euml; Gjilan. Gazeta Online Reporteri.net merr vesh se zyrtar&euml;t e suspenduar jan&euml; Bekim Sabedini, Ardian Demiri, Metush Arifi dhe Shaban Hajdaraj. Sabedini &euml;sht&euml; rreshter n&euml; Nj&euml;sin&euml; e Hetimeve Rajonale n&euml; Drejtorin&euml; e Policis&euml; n&euml; Gjilan, Demiri [&hellip;]<\/p>\n","protected":false},"author":2,"featured_media":42658,"comment_status":"open","ping_status":"closed","sticky":false,"template":"","format":"standard","meta":{"_monsterinsights_skip_tracking":false,"_monsterinsights_sitenote_active":false,"_monsterinsights_sitenote_note":"","_monsterinsights_sitenote_category":0,"footnotes":""},"categories":[576],"tags":[],"class_list":["post-42657","post","type-post","status-publish","format-standard","has-post-thumbnail","hentry","category-rajoni"],"_links":{"self":[{"href":"https:\/\/radiojehona.mk\/index.php?rest_route=\/wp\/v2\/posts\/42657","targetHints":{"allow":["GET"]}}],"collection":[{"href":"https:\/\/radiojehona.mk\/index.php?rest_route=\/wp\/v2\/posts"}],"about":[{"href":"https:\/\/radiojehona.mk\/index.php?rest_route=\/wp\/v2\/types\/post"}],"author":[{"embeddable":true,"href":"https:\/\/radiojehona.mk\/index.php?rest_route=\/wp\/v2\/users\/2"}],"replies":[{"embeddable":true,"href":"https:\/\/radiojehona.mk\/index.php?rest_route=%2Fwp%2Fv2%2Fcomments&post=42657"}],"version-history":[{"count":1,"href":"https:\/\/radiojehona.mk\/index.php?rest_route=\/wp\/v2\/posts\/42657\/revisions"}],"predecessor-version":[{"id":42659,"href":"https:\/\/radiojehona.mk\/index.php?rest_route=\/wp\/v2\/posts\/42657\/revisions\/42659"}],"wp:featuredmedia":[{"embeddable":true,"href":"https:\/\/radiojehona.mk\/index.php?rest_route=\/wp\/v2\/media\/42658"}],"wp:attachment":[{"href":"https:\/\/radiojehona.mk\/index.php?rest_route=%2Fwp%2Fv2%2Fmedia&parent=42657"}],"wp:term":[{"taxonomy":"category","embeddable":true,"href":"https:\/\/radiojehona.mk\/index.php?rest_route=%2Fwp%2Fv2%2Fcategories&post=42657"},{"taxonomy":"post_tag","embeddable":true,"href":"https:\/\/radiojehona.mk\/index.php?rest_route=%2Fwp%2Fv2%2Ftags&post=42657"}],"curies":[{"name":"wp","href":"https:\/\/api.w.org\/{rel}","templated":true}]}}