{"id":42655,"date":"2025-08-11T21:41:49","date_gmt":"2025-08-11T21:41:49","guid":{"rendered":"https:\/\/radiojehona.com\/?p=42655"},"modified":"2025-08-11T21:41:50","modified_gmt":"2025-08-11T21:41:50","slug":"ne-qershor-me-se-shumti-turiste-te-huaj-nga-turqia","status":"publish","type":"post","link":"https:\/\/radiojehona.mk\/?p=42655","title":{"rendered":"N\u00eb qershor m\u00eb s\u00eb shumti turist\u00eb t\u00eb huaj nga Turqia"},"content":{"rendered":"\n<figure class=\"wp-block-image size-full\"><img fetchpriority=\"high\" decoding=\"async\" width=\"696\" height=\"405\" src=\"https:\/\/radiojehona.com\/wp-content\/uploads\/2025\/04\/SHKUPI-QENDER-696x405-1.jpg\" alt=\"\" class=\"wp-image-42244\" srcset=\"https:\/\/radiojehona.mk\/wp-content\/uploads\/2025\/04\/SHKUPI-QENDER-696x405-1.jpg 696w, https:\/\/radiojehona.mk\/wp-content\/uploads\/2025\/04\/SHKUPI-QENDER-696x405-1-300x175.jpg 300w\" sizes=\"(max-width: 696px) 100vw, 696px\" \/><\/figure>\n\n\n\n<p>N\u00eb 6 muajt e par\u00eb t\u00eb vitit 2025, Maqedonin\u00eb e Veriut m\u00eb s\u00eb shumti e vizituan turist\u00eb turq.<\/p>\n\n\n\n<p>Sipas informacionit q\u00eb Anadolu ka p\u00ebrpiluar nga uebfaqja e Entit Shtet\u00ebror t\u00eb Statistikave t\u00eb Maqedonis\u00eb s\u00eb Veriut, nj\u00eb total prej 395.555 turist\u00ebsh t\u00eb huaj vizituan vendin n\u00eb gjasht\u00eb muajt e par\u00eb t\u00eb vitit 2025.<\/p>\n\n\n\n<p>31.502 turist\u00eb t\u00eb huaj erdh\u00ebn n\u00eb vend n\u00eb janar, 30.037 n\u00eb shkurt, 55.270 n\u00eb mars, 76.238 n\u00eb prill, 101.462 n\u00eb maj dhe 101.046 n\u00eb qershor.<\/p>\n\n\n\n<p>Nd\u00ebrkoh\u00eb q\u00eb pati rritje prej 13.5 p\u00ebr qind n\u00eb numrin e p\u00ebrgjithsh\u00ebm t\u00eb turist\u00ebve n\u00eb periudh\u00ebn janar-qershor 2025 krahasuar me t\u00eb nj\u00ebjt\u00ebn periudh\u00eb t\u00eb vitit t\u00eb kaluar, pati r\u00ebnie prej 2.5 p\u00ebr qind t\u00eb turist\u00ebve vendas dhe rritje prej 19.7 p\u00ebr qind t\u00eb turist\u00ebve t\u00eb huaj n\u00eb t\u00eb nj\u00ebjt\u00ebn periudh\u00eb.<\/p>\n\n\n\n<p>Sipas t\u00eb dh\u00ebnave, n\u00eb periudh\u00ebn n\u00eb fjal\u00eb vendin m\u00eb s\u00eb shumti e vizituan turist\u00eb turq. N\u00eb gjasht\u00eb muajt e par\u00eb t\u00eb vitit, 108.203 turist\u00eb turq vizituan vendin.<\/p>\n\n\n\n<p>Nga k\u00ebto, 8.510 vizituan Maqedonin\u00eb e Veriut n\u00eb janar, 6.485 n\u00eb shkurt, 9.380 n\u00eb mars, 21.124 n\u00eb prill, 28.338 n\u00eb maj dhe 34.366 n\u00eb qershor.<\/p>\n\n\n\n<p>N\u00eb t\u00eb nj\u00ebjt\u00ebn periudh\u00eb, pas turist\u00ebve turq vendin m\u00eb s\u00eb shumti e vizituan turist\u00ebt gjerman\u00eb me 49.660 dhe turist\u00ebt serb\u00eb me 28.964.<\/p>\n","protected":false},"excerpt":{"rendered":"<p>N&euml; 6 muajt e par&euml; t&euml; vitit 2025, Maqedonin&euml; e Veriut m&euml; s&euml; shumti e vizituan turist&euml; turq. Sipas informacionit q&euml; Anadolu ka p&euml;rpiluar nga uebfaqja e Entit Shtet&euml;ror t&euml; Statistikave t&euml; Maqedonis&euml; s&euml; Veriut, nj&euml; total prej 395.555 turist&euml;sh t&euml; huaj vizituan vendin n&euml; gjasht&euml; muajt e par&euml; t&euml; vitit 2025. 31.502 turist&euml; t&euml; [&hellip;]<\/p>\n","protected":false},"author":2,"featured_media":42244,"comment_status":"open","ping_status":"closed","sticky":false,"template":"","format":"standard","meta":{"_monsterinsights_skip_tracking":false,"_monsterinsights_sitenote_active":false,"_monsterinsights_sitenote_note":"","_monsterinsights_sitenote_category":0,"footnotes":""},"categories":[1],"tags":[],"class_list":["post-42655","post","type-post","status-publish","format-standard","has-post-thumbnail","hentry","category-vendi"],"_links":{"self":[{"href":"https:\/\/radiojehona.mk\/index.php?rest_route=\/wp\/v2\/posts\/42655","targetHints":{"allow":["GET"]}}],"collection":[{"href":"https:\/\/radiojehona.mk\/index.php?rest_route=\/wp\/v2\/posts"}],"about":[{"href":"https:\/\/radiojehona.mk\/index.php?rest_route=\/wp\/v2\/types\/post"}],"author":[{"embeddable":true,"href":"https:\/\/radiojehona.mk\/index.php?rest_route=\/wp\/v2\/users\/2"}],"replies":[{"embeddable":true,"href":"https:\/\/radiojehona.mk\/index.php?rest_route=%2Fwp%2Fv2%2Fcomments&post=42655"}],"version-history":[{"count":1,"href":"https:\/\/radiojehona.mk\/index.php?rest_route=\/wp\/v2\/posts\/42655\/revisions"}],"predecessor-version":[{"id":42656,"href":"https:\/\/radiojehona.mk\/index.php?rest_route=\/wp\/v2\/posts\/42655\/revisions\/42656"}],"wp:featuredmedia":[{"embeddable":true,"href":"https:\/\/radiojehona.mk\/index.php?rest_route=\/wp\/v2\/media\/42244"}],"wp:attachment":[{"href":"https:\/\/radiojehona.mk\/index.php?rest_route=%2Fwp%2Fv2%2Fmedia&parent=42655"}],"wp:term":[{"taxonomy":"category","embeddable":true,"href":"https:\/\/radiojehona.mk\/index.php?rest_route=%2Fwp%2Fv2%2Fcategories&post=42655"},{"taxonomy":"post_tag","embeddable":true,"href":"https:\/\/radiojehona.mk\/index.php?rest_route=%2Fwp%2Fv2%2Ftags&post=42655"}],"curies":[{"name":"wp","href":"https:\/\/api.w.org\/{rel}","templated":true}]}}