{"id":42650,"date":"2025-08-11T21:38:04","date_gmt":"2025-08-11T21:38:04","guid":{"rendered":"https:\/\/radiojehona.com\/?p=42650"},"modified":"2025-08-11T21:38:05","modified_gmt":"2025-08-11T21:38:05","slug":"janevska-mesim-ne-nje-nderrim-ka-ne-150-shkolla-do-te-zbatohet-edhe-ne-25-shkolla-te-tjera","status":"publish","type":"post","link":"https:\/\/radiojehona.mk\/?p=42650","title":{"rendered":"Janevska: M\u00ebsim n\u00eb nj\u00eb nd\u00ebrrim ka n\u00eb 150 shkolla, do t\u00eb zbatohet edhe n\u00eb 25 shkolla t\u00eb tjera"},"content":{"rendered":"\n<figure class=\"wp-block-image size-full\"><img fetchpriority=\"high\" decoding=\"async\" width=\"750\" height=\"430\" src=\"https:\/\/radiojehona.com\/wp-content\/uploads\/2025\/02\/vesna-janevska-750x430-1.jpeg\" alt=\"\" class=\"wp-image-40673\" srcset=\"https:\/\/radiojehona.mk\/wp-content\/uploads\/2025\/02\/vesna-janevska-750x430-1.jpeg 750w, https:\/\/radiojehona.mk\/wp-content\/uploads\/2025\/02\/vesna-janevska-750x430-1-300x172.jpeg 300w\" sizes=\"(max-width: 750px) 100vw, 750px\" \/><\/figure>\n\n\n\n<p>Ministrja e Arsimit dhe Shkenc\u00ebs, Vesna Janevska informoi se m\u00ebsim n\u00eb nj\u00eb nd\u00ebrrim tashm\u00eb ka n\u00eb 150 shkolla n\u00eb t\u00eb cilat nuk ka pasur ose ka pasur shum\u00eb pak nd\u00ebrhyrje nd\u00ebrtimore q\u00eb t\u00eb mund t\u00eb fillohet. Ajo pret q\u00eb ky proces t\u00eb vazhdoj\u00eb n\u00eb 25 shkolla n\u00eb t\u00eb cilat, tha, do t\u00eb ket\u00eb nevoj\u00eb p\u00ebr nd\u00ebrhyrje nd\u00ebrtimore gjegj\u00ebsisht shtim t\u00eb klasave q\u00eb t\u00eb mund t\u2019i p\u00ebrfshijn\u00eb t\u00eb gjith\u00eb nx\u00ebn\u00ebsit n\u00eb nj\u00eb nd\u00ebrrim.<\/p>\n\n\n\n<p>\u201cSigurisht po fillojm\u00eb n\u00eb pes\u00eb, po fillojm\u00eb n\u00eb komunat Gjor\u00e7e Petrov dhe Karposh, nd\u00ebrsa pastaj do t\u00eb vazhdojm\u00eb edhe n\u00eb t\u00eb tjera. K\u00ebt\u00eb vit pres t\u00eb fillojm\u00eb pun\u00ebn n\u00eb 25 shkolla, t\u00eb cilat, gjithsesi, do t\u00eb jen\u00eb m\u00eb afatgjata dhe do t\u00eb vazhdojn\u00eb edhe vitin e ardhsh\u00ebm\u201d, deklaroi Janevska.<\/p>\n\n\n\n<p>Shtoi se vendosja e m\u00ebsimit n\u00eb nj\u00eb nd\u00ebrrim ka lidhje me optimizimin e rrjetit shkollor q\u00eb, tha, \u201cnuk \u00ebsht\u00eb proces i leht\u00eb.<\/p>\n\n\n\n<p>\u201cAi ka filluar, po shkon mir\u00eb dhe do t\u00eb vazhdoj\u00eb edhe m\u00eb tutje. Besoj se do t\u00eb arrijm\u00eb ta p\u00ebrfundojm\u00eb pjes\u00ebn m\u00eb t\u00eb madhe t\u00eb saj n\u00eb nj\u00eb mandat, por besoj se ata q\u00eb vijn\u00eb pas nesh do ta vazhdojn\u00eb sepse \u00ebsht\u00eb jasht\u00ebzakonisht e r\u00ebnd\u00ebsishme p\u00ebr cil\u00ebsin\u00eb e arsimit dhe n\u00eb t\u00eb mir\u00eb t\u00eb nx\u00ebn\u00ebsve\u201d, theksoi Janevska.<\/p>\n","protected":false},"excerpt":{"rendered":"<p>Ministrja e Arsimit dhe Shkenc&euml;s, Vesna Janevska informoi se m&euml;sim n&euml; nj&euml; nd&euml;rrim tashm&euml; ka n&euml; 150 shkolla n&euml; t&euml; cilat nuk ka pasur ose ka pasur shum&euml; pak nd&euml;rhyrje nd&euml;rtimore q&euml; t&euml; mund t&euml; fillohet. Ajo pret q&euml; ky proces t&euml; vazhdoj&euml; n&euml; 25 shkolla n&euml; t&euml; cilat, tha, do t&euml; ket&euml; nevoj&euml; p&euml;r [&hellip;]<\/p>\n","protected":false},"author":2,"featured_media":40673,"comment_status":"open","ping_status":"closed","sticky":false,"template":"","format":"standard","meta":{"_monsterinsights_skip_tracking":false,"_monsterinsights_sitenote_active":false,"_monsterinsights_sitenote_note":"","_monsterinsights_sitenote_category":0,"footnotes":""},"categories":[1],"tags":[],"class_list":["post-42650","post","type-post","status-publish","format-standard","has-post-thumbnail","hentry","category-vendi"],"_links":{"self":[{"href":"https:\/\/radiojehona.mk\/index.php?rest_route=\/wp\/v2\/posts\/42650","targetHints":{"allow":["GET"]}}],"collection":[{"href":"https:\/\/radiojehona.mk\/index.php?rest_route=\/wp\/v2\/posts"}],"about":[{"href":"https:\/\/radiojehona.mk\/index.php?rest_route=\/wp\/v2\/types\/post"}],"author":[{"embeddable":true,"href":"https:\/\/radiojehona.mk\/index.php?rest_route=\/wp\/v2\/users\/2"}],"replies":[{"embeddable":true,"href":"https:\/\/radiojehona.mk\/index.php?rest_route=%2Fwp%2Fv2%2Fcomments&post=42650"}],"version-history":[{"count":1,"href":"https:\/\/radiojehona.mk\/index.php?rest_route=\/wp\/v2\/posts\/42650\/revisions"}],"predecessor-version":[{"id":42651,"href":"https:\/\/radiojehona.mk\/index.php?rest_route=\/wp\/v2\/posts\/42650\/revisions\/42651"}],"wp:featuredmedia":[{"embeddable":true,"href":"https:\/\/radiojehona.mk\/index.php?rest_route=\/wp\/v2\/media\/40673"}],"wp:attachment":[{"href":"https:\/\/radiojehona.mk\/index.php?rest_route=%2Fwp%2Fv2%2Fmedia&parent=42650"}],"wp:term":[{"taxonomy":"category","embeddable":true,"href":"https:\/\/radiojehona.mk\/index.php?rest_route=%2Fwp%2Fv2%2Fcategories&post=42650"},{"taxonomy":"post_tag","embeddable":true,"href":"https:\/\/radiojehona.mk\/index.php?rest_route=%2Fwp%2Fv2%2Ftags&post=42650"}],"curies":[{"name":"wp","href":"https:\/\/api.w.org\/{rel}","templated":true}]}}