{"id":42647,"date":"2025-07-10T12:32:26","date_gmt":"2025-07-10T12:32:26","guid":{"rendered":"https:\/\/radiojehona.com\/?p=42647"},"modified":"2025-07-10T12:32:27","modified_gmt":"2025-07-10T12:32:27","slug":"bdi-shqiptaret-po-perjashtohen-ndersa-vlen-jeton-ne-univers-paralel","status":"publish","type":"post","link":"https:\/\/radiojehona.mk\/?p=42647","title":{"rendered":"BDI: Shqiptar\u00ebt po p\u00ebrjashtohen, nd\u00ebrsa \u201cVLEN\u201d jeton n\u00eb univers paralel"},"content":{"rendered":"\n<figure class=\"wp-block-image size-large\"><img fetchpriority=\"high\" decoding=\"async\" width=\"1024\" height=\"697\" src=\"https:\/\/radiojehona.com\/wp-content\/uploads\/2025\/07\/IMG_1977-1024x697.jpeg\" alt=\"\" class=\"wp-image-42648\" srcset=\"https:\/\/radiojehona.mk\/wp-content\/uploads\/2025\/07\/IMG_1977-1024x697.jpeg 1024w, https:\/\/radiojehona.mk\/wp-content\/uploads\/2025\/07\/IMG_1977-300x204.jpeg 300w, https:\/\/radiojehona.mk\/wp-content\/uploads\/2025\/07\/IMG_1977-768x523.jpeg 768w, https:\/\/radiojehona.mk\/wp-content\/uploads\/2025\/07\/IMG_1977.jpeg 1125w\" sizes=\"(max-width: 1024px) 100vw, 1024px\" \/><\/figure>\n\n\n\n<p>Bashkimi Demokratik p\u00ebr Integrim vazhdon me akuzat ndaj VLEN-it, p\u00ebr si\u00e7 thon\u00eb, p\u00ebrjashtimin sistematik t\u00eb shqiptar\u00ebve nga institucionet shtet\u00ebrore. Nga BDI thon\u00eb se rasti m\u00eb i fundit \u00ebsht\u00eb Agjencia e Siguris\u00eb Komb\u00ebtare, ku nga 41 t\u00eb pun\u00ebsuar, vet\u00ebm nj\u00eb \u00ebsht\u00eb shqiptar.<\/p>\n\n\n\n<p>\u201cKy diskriminim i hapur nuk \u00ebsht\u00eb m\u00eb thjesht shqet\u00ebsim politik, \u00ebsht\u00eb nj\u00eb goditje ndaj barazis\u00eb dhe karakterit multietnik t\u00eb shtetit. T\u00eb gjitha t\u00eb dh\u00ebnat e b\u00ebra publike k\u00ebto dit\u00eb p\u00ebr pun\u00ebsimet dhe avancimet n\u00eb institucione jan\u00eb t\u00eb v\u00ebrteta dhe t\u00eb konfirmuara zyrtarisht nga vet\u00eb institucionet e shtetit. Prandaj, as shpifjet, as defokusimi nuk mund ta mbulojn\u00eb t\u00eb v\u00ebrtet\u00ebn q\u00eb tashm\u00eb \u00ebsht\u00eb e qart\u00eb p\u00ebr t\u00eb gjith\u00eb: shqiptar\u00ebt po p\u00ebrjashtohen!\u201d.<\/p>\n\n\n\n<p>\u201cP\u00ebrkund\u00ebr k\u00ebtij realiteti t\u00eb dhimbsh\u00ebm, subjektet q\u00eb ia mbajn\u00eb ison VMRO-DPMNE, heshtin ose jetojn\u00eb n\u00eb nj\u00eb univers paralel, duke refuzuar t\u00eb p\u00ebrballen me realitetin. Kjo qasje naive dhe aventuriere, p\u00ebrve\u00e7se nuk prodhon asgj\u00eb p\u00ebr shqiptar\u00ebt, tregon qart\u00eb se jan\u00eb t\u00eb kapur dhe t\u00eb pajtuar me logjik\u00ebn p\u00ebrjashtuese t\u00eb mentor\u00ebve t\u00eb tyre politik\u00eb\u201d, thon\u00eb nga BDI.<\/p>\n","protected":false},"excerpt":{"rendered":"<p>Bashkimi Demokratik p&euml;r Integrim vazhdon me akuzat ndaj VLEN-it, p&euml;r si&ccedil; thon&euml;, p&euml;rjashtimin sistematik t&euml; shqiptar&euml;ve nga institucionet shtet&euml;rore. Nga BDI thon&euml; se rasti m&euml; i fundit &euml;sht&euml; Agjencia e Siguris&euml; Komb&euml;tare, ku nga 41 t&euml; pun&euml;suar, vet&euml;m nj&euml; &euml;sht&euml; shqiptar. &ldquo;Ky diskriminim i hapur nuk &euml;sht&euml; m&euml; thjesht shqet&euml;sim politik, &euml;sht&euml; nj&euml; goditje ndaj [&hellip;]<\/p>\n","protected":false},"author":2,"featured_media":42648,"comment_status":"open","ping_status":"closed","sticky":false,"template":"","format":"standard","meta":{"_monsterinsights_skip_tracking":false,"_monsterinsights_sitenote_active":false,"_monsterinsights_sitenote_note":"","_monsterinsights_sitenote_category":0,"footnotes":""},"categories":[1],"tags":[],"class_list":["post-42647","post","type-post","status-publish","format-standard","has-post-thumbnail","hentry","category-vendi"],"_links":{"self":[{"href":"https:\/\/radiojehona.mk\/index.php?rest_route=\/wp\/v2\/posts\/42647","targetHints":{"allow":["GET"]}}],"collection":[{"href":"https:\/\/radiojehona.mk\/index.php?rest_route=\/wp\/v2\/posts"}],"about":[{"href":"https:\/\/radiojehona.mk\/index.php?rest_route=\/wp\/v2\/types\/post"}],"author":[{"embeddable":true,"href":"https:\/\/radiojehona.mk\/index.php?rest_route=\/wp\/v2\/users\/2"}],"replies":[{"embeddable":true,"href":"https:\/\/radiojehona.mk\/index.php?rest_route=%2Fwp%2Fv2%2Fcomments&post=42647"}],"version-history":[{"count":1,"href":"https:\/\/radiojehona.mk\/index.php?rest_route=\/wp\/v2\/posts\/42647\/revisions"}],"predecessor-version":[{"id":42649,"href":"https:\/\/radiojehona.mk\/index.php?rest_route=\/wp\/v2\/posts\/42647\/revisions\/42649"}],"wp:featuredmedia":[{"embeddable":true,"href":"https:\/\/radiojehona.mk\/index.php?rest_route=\/wp\/v2\/media\/42648"}],"wp:attachment":[{"href":"https:\/\/radiojehona.mk\/index.php?rest_route=%2Fwp%2Fv2%2Fmedia&parent=42647"}],"wp:term":[{"taxonomy":"category","embeddable":true,"href":"https:\/\/radiojehona.mk\/index.php?rest_route=%2Fwp%2Fv2%2Fcategories&post=42647"},{"taxonomy":"post_tag","embeddable":true,"href":"https:\/\/radiojehona.mk\/index.php?rest_route=%2Fwp%2Fv2%2Ftags&post=42647"}],"curies":[{"name":"wp","href":"https:\/\/api.w.org\/{rel}","templated":true}]}}