{"id":42644,"date":"2025-07-10T12:29:59","date_gmt":"2025-07-10T12:29:59","guid":{"rendered":"https:\/\/radiojehona.com\/?p=42644"},"modified":"2025-07-10T12:30:00","modified_gmt":"2025-07-10T12:30:00","slug":"ash-vlen-deshton-te-permiresoje-gjendjen-e-shqiptareve-situata-po-perkeqesohet","status":"publish","type":"post","link":"https:\/\/radiojehona.mk\/?p=42644","title":{"rendered":"ASH: VLEN d\u00ebshton t\u00eb p\u00ebrmir\u00ebsoj\u00eb gjendjen e shqiptar\u00ebve, situata po p\u00ebrkeq\u00ebsohet"},"content":{"rendered":"\n<figure class=\"wp-block-image size-large\"><img fetchpriority=\"high\" decoding=\"async\" width=\"1024\" height=\"695\" src=\"https:\/\/radiojehona.com\/wp-content\/uploads\/2025\/07\/IMG_1976-1024x695.jpeg\" alt=\"\" class=\"wp-image-42645\" srcset=\"https:\/\/radiojehona.mk\/wp-content\/uploads\/2025\/07\/IMG_1976-1024x695.jpeg 1024w, https:\/\/radiojehona.mk\/wp-content\/uploads\/2025\/07\/IMG_1976-300x204.jpeg 300w, https:\/\/radiojehona.mk\/wp-content\/uploads\/2025\/07\/IMG_1976-768x522.jpeg 768w, https:\/\/radiojehona.mk\/wp-content\/uploads\/2025\/07\/IMG_1976.jpeg 1125w\" sizes=\"(max-width: 1024px) 100vw, 1024px\" \/><\/figure>\n\n\n\n<p>Aleanca p\u00ebr Shqiptar\u00ebt, e udh\u00ebhequr nga Arben Taravari, ka dal\u00eb me nj\u00eb reagim t\u00eb ashp\u00ebr ndaj koalicionit qeveris\u00ebs VLEN, duke e akuzuar p\u00ebr d\u00ebshtim t\u00eb thell\u00eb n\u00eb p\u00ebrmir\u00ebsimin e gjendjes s\u00eb shqiptar\u00ebve n\u00eb Maqedonin\u00eb e Veriut, edhe pas nj\u00eb viti n\u00eb pushtet.<\/p>\n\n\n\n<p>Sipas deklarat\u00ebs s\u00eb partis\u00eb, gjendja e shqiptar\u00ebve n\u00eb institucionet shtet\u00ebrore jo vet\u00ebm q\u00eb nuk ka p\u00ebsuar p\u00ebrmir\u00ebsim, por \u00ebsht\u00eb p\u00ebrkeq\u00ebsuar n\u00eb m\u00ebnyr\u00eb sistematike dhe t\u00eb q\u00ebllimshme. Aleanca p\u00ebr Shqiptar\u00ebt thekson se n\u00eb nj\u00eb num\u00ebr institucionesh ky\u00e7e t\u00eb siguris\u00eb dhe zhvillimit, p\u00ebrfaq\u00ebsimi i shqiptar\u00ebve \u00ebsht\u00eb zero:<\/p>\n\n\n\n<p>0 shqiptar\u00eb n\u00eb Nj\u00ebsin\u00eb Speciale \u201cTigrat\u201d<br>0 shqiptar\u00eb n\u00eb Nj\u00ebsin\u00eb Speciale \u201cUjqit\u201d<br>0 shqiptar\u00eb n\u00eb Nj\u00ebsin\u00eb e Nd\u00ebrhyrjes s\u00eb Shpejt\u00eb<br>0 shqiptar\u00eb n\u00eb Drejtorin\u00eb e Zonave t\u00eb Lira Ekonomike<br>0 shqiptar\u00eb n\u00eb Akademin\u00eb e Shkencave<br>0 shqiptar\u00eb n\u00eb Agjencin\u00eb e Filmit<\/p>\n\n\n\n<p>\u201cDisproporcioni n\u00eb pun\u00ebsime \u00ebsht\u00eb alarmant. Shqiptar\u00ebt po p\u00ebrjashtohen sistematikisht nga institucionet shtet\u00ebrore, pa asnj\u00eb reagim nga qeveria aktuale,\u201d thuhet n\u00eb reagimin e Aleanc\u00ebs p\u00ebr Shqiptar\u00ebt.<\/p>\n\n\n\n<p>Partia gjithashtu denoncon propagand\u00ebn e VLEN-it p\u00ebr pun\u00ebsime selektive, duke p\u00ebrmendur shembullin e HEC V\u00ebrtok ku, sipas tyre, jan\u00eb pun\u00ebsuar vet\u00ebm 10 shqiptar\u00eb n\u00eb krahasim me 55 maqedonas, edhe pse objekti ndodhet n\u00eb mes t\u00eb Gostivarit.<\/p>\n\n\n\n<p>\u201cVLEN mundohet t\u00eb mbuloj\u00eb d\u00ebshtimin me shifra t\u00eb vogla, nd\u00ebrkoh\u00eb q\u00eb p\u00ebrjashtimi i shqiptar\u00ebve nga institucionet vazhdon n\u00eb m\u00ebnyr\u00eb t\u00eb turpshme dhe t\u00eb q\u00ebllimshme,\u201d vijon deklarata.<\/p>\n\n\n\n<p>Aleanca p\u00ebr Shqiptar\u00ebt thot\u00eb se k\u00ebto arsye ishin thelb\u00ebsore n\u00eb vendimin p\u00ebr t\u00eb l\u00ebn\u00eb koalicionin VLEN, t\u00eb cilin e cil\u00ebsojn\u00eb t\u00eb \u201czhveshur nga \u00e7do kuptim politik dhe moral\u201d. Ajo e akuzon qeverin\u00eb aktuale p\u00ebr orientim monoetnik dhe bashk\u00ebpunim me figura q\u00eb p\u00ebrfaq\u00ebsojn\u00eb \u201cBot\u00ebn Serbe\u201d, p\u00ebrfshir\u00eb z\u00ebvend\u00ebskryeministrin Ivan Stoilkovi\u00e7.<\/p>\n\n\n\n<p>N\u00eb p\u00ebrfundim, Aleanca thekson se nuk do t\u00eb jet\u00eb pjes\u00eb e asnj\u00eb pushteti q\u00eb nuk respekton barazin\u00eb dhe p\u00ebrfaq\u00ebsimin e drejt\u00eb t\u00eb shqiptar\u00ebve.<\/p>\n\n\n\n<p>\u201cKoha e heshtjes mbaroi. Koha e llogaridh\u00ebnies ka ardhur\u201d, p\u00ebrfundon reagimi.<\/p>\n","protected":false},"excerpt":{"rendered":"<p>Aleanca p&euml;r Shqiptar&euml;t, e udh&euml;hequr nga Arben Taravari, ka dal&euml; me nj&euml; reagim t&euml; ashp&euml;r ndaj koalicionit qeveris&euml;s VLEN, duke e akuzuar p&euml;r d&euml;shtim t&euml; thell&euml; n&euml; p&euml;rmir&euml;simin e gjendjes s&euml; shqiptar&euml;ve n&euml; Maqedonin&euml; e Veriut, edhe pas nj&euml; viti n&euml; pushtet. Sipas deklarat&euml;s s&euml; partis&euml;, gjendja e shqiptar&euml;ve n&euml; institucionet shtet&euml;rore jo vet&euml;m q&euml; [&hellip;]<\/p>\n","protected":false},"author":2,"featured_media":42645,"comment_status":"open","ping_status":"closed","sticky":false,"template":"","format":"standard","meta":{"_monsterinsights_skip_tracking":false,"_monsterinsights_sitenote_active":false,"_monsterinsights_sitenote_note":"","_monsterinsights_sitenote_category":0,"footnotes":""},"categories":[1],"tags":[],"class_list":["post-42644","post","type-post","status-publish","format-standard","has-post-thumbnail","hentry","category-vendi"],"_links":{"self":[{"href":"https:\/\/radiojehona.mk\/index.php?rest_route=\/wp\/v2\/posts\/42644","targetHints":{"allow":["GET"]}}],"collection":[{"href":"https:\/\/radiojehona.mk\/index.php?rest_route=\/wp\/v2\/posts"}],"about":[{"href":"https:\/\/radiojehona.mk\/index.php?rest_route=\/wp\/v2\/types\/post"}],"author":[{"embeddable":true,"href":"https:\/\/radiojehona.mk\/index.php?rest_route=\/wp\/v2\/users\/2"}],"replies":[{"embeddable":true,"href":"https:\/\/radiojehona.mk\/index.php?rest_route=%2Fwp%2Fv2%2Fcomments&post=42644"}],"version-history":[{"count":1,"href":"https:\/\/radiojehona.mk\/index.php?rest_route=\/wp\/v2\/posts\/42644\/revisions"}],"predecessor-version":[{"id":42646,"href":"https:\/\/radiojehona.mk\/index.php?rest_route=\/wp\/v2\/posts\/42644\/revisions\/42646"}],"wp:featuredmedia":[{"embeddable":true,"href":"https:\/\/radiojehona.mk\/index.php?rest_route=\/wp\/v2\/media\/42645"}],"wp:attachment":[{"href":"https:\/\/radiojehona.mk\/index.php?rest_route=%2Fwp%2Fv2%2Fmedia&parent=42644"}],"wp:term":[{"taxonomy":"category","embeddable":true,"href":"https:\/\/radiojehona.mk\/index.php?rest_route=%2Fwp%2Fv2%2Fcategories&post=42644"},{"taxonomy":"post_tag","embeddable":true,"href":"https:\/\/radiojehona.mk\/index.php?rest_route=%2Fwp%2Fv2%2Ftags&post=42644"}],"curies":[{"name":"wp","href":"https:\/\/api.w.org\/{rel}","templated":true}]}}