{"id":42641,"date":"2025-07-10T12:27:49","date_gmt":"2025-07-10T12:27:49","guid":{"rendered":"https:\/\/radiojehona.com\/?p=42641"},"modified":"2025-07-10T12:27:51","modified_gmt":"2025-07-10T12:27:51","slug":"arben-fetai-ne-vetem-dy-jave-zgjidhem-ceshtje-te-paprekura-per-dekada","status":"publish","type":"post","link":"https:\/\/radiojehona.mk\/?p=42641","title":{"rendered":"Arben Fetai: N\u00eb vet\u00ebm dy jav\u00eb, zgjidh\u00ebm \u00e7\u00ebshtje t\u00eb paprekura p\u00ebr dekada!"},"content":{"rendered":"\n<figure class=\"wp-block-image size-large\"><img fetchpriority=\"high\" decoding=\"async\" width=\"1024\" height=\"655\" src=\"https:\/\/radiojehona.com\/wp-content\/uploads\/2025\/07\/IMG_1975-1024x655.jpeg\" alt=\"\" class=\"wp-image-42642\" srcset=\"https:\/\/radiojehona.mk\/wp-content\/uploads\/2025\/07\/IMG_1975-1024x655.jpeg 1024w, https:\/\/radiojehona.mk\/wp-content\/uploads\/2025\/07\/IMG_1975-300x192.jpeg 300w, https:\/\/radiojehona.mk\/wp-content\/uploads\/2025\/07\/IMG_1975-768x491.jpeg 768w, https:\/\/radiojehona.mk\/wp-content\/uploads\/2025\/07\/IMG_1975.jpeg 1111w\" sizes=\"(max-width: 1024px) 100vw, 1024px\" \/><\/figure>\n\n\n\n<p>Ministri Arben Fetai ka publikuar nj\u00eb p\u00ebrmbledhje t\u00eb pun\u00ebve t\u00eb realizuara nga ekipi i tij n\u00eb vet\u00ebm dy jav\u00ebt e fundit, duke i cil\u00ebsuar si hapa historik\u00eb p\u00ebr drejt\u00ebsi sociale dhe funksionim t\u00eb shtetit.<\/p>\n\n\n\n<p>Projektligji p\u00ebr P\u00ebrfaq\u00ebsim t\u00eb Drejt\u00eb dhe Adekuat \u00ebsht\u00eb miratuar n\u00eb Qeveri, nj\u00eb nism\u00eb q\u00eb Fetai e cil\u00ebson \u201chistorike\u201d pas m\u00eb shum\u00eb se 20 vitesh premtime t\u00eb pambajtura nga ish-qeverisjet.<\/p>\n\n\n\n<p>\u00cbsht\u00eb zgjidhur p\u00ebrfundimisht \u00e7\u00ebshtja e personave pa shtet\u00ebsi q\u00eb mbet\u00ebn t\u00eb till\u00eb pas shp\u00ebrb\u00ebrjes s\u00eb Jugosllavis\u00eb. Sipas UNHCR-s\u00eb, Maqedonia e Veriut b\u00ebhet shteti i par\u00eb n\u00eb rajon q\u00eb mbyll k\u00ebt\u00eb kapitull.<\/p>\n\n\n\n<p>Qeveria ka miratuar edhe nj\u00eb Strategji t\u00eb re p\u00ebr Bashk\u00ebpunim me Shoq\u00ebrin\u00eb Civile p\u00ebr kat\u00ebr vitet e ardhshme, pas nj\u00eb periudhe t\u00eb gjat\u00eb stagnimi n\u00eb k\u00ebt\u00eb drejtim.<\/p>\n\n\n\n<p>Po ashtu, \u00ebsht\u00eb zgjidhur statusi i inspektor\u00ebve tatimor\u00eb komunal\u00eb, t\u00eb cil\u00ebt prej vitesh ishin t\u00eb anashkaluar dhe pa licenca t\u00eb rregullta profesionale.<\/p>\n\n\n\n<p>\u201cQytetar\u00ebt nuk bien pre e mashtrimeve t\u00eb atyre q\u00eb vajtojn\u00eb p\u00ebr privilegjet personale. Ne po b\u00ebjm\u00eb pun\u00eb q\u00eb u premtuan p\u00ebr dekada, por kurr\u00eb nuk u realizuan\u201d, ka deklaruar Fetai. (INA)<\/p>\n","protected":false},"excerpt":{"rendered":"<p>Ministri Arben Fetai ka publikuar nj&euml; p&euml;rmbledhje t&euml; pun&euml;ve t&euml; realizuara nga ekipi i tij n&euml; vet&euml;m dy jav&euml;t e fundit, duke i cil&euml;suar si hapa historik&euml; p&euml;r drejt&euml;si sociale dhe funksionim t&euml; shtetit. Projektligji p&euml;r P&euml;rfaq&euml;sim t&euml; Drejt&euml; dhe Adekuat &euml;sht&euml; miratuar n&euml; Qeveri, nj&euml; nism&euml; q&euml; Fetai e cil&euml;son &ldquo;historike&rdquo; pas m&euml; shum&euml; [&hellip;]<\/p>\n","protected":false},"author":2,"featured_media":42642,"comment_status":"open","ping_status":"closed","sticky":false,"template":"","format":"standard","meta":{"_monsterinsights_skip_tracking":false,"_monsterinsights_sitenote_active":false,"_monsterinsights_sitenote_note":"","_monsterinsights_sitenote_category":0,"footnotes":""},"categories":[1],"tags":[],"class_list":["post-42641","post","type-post","status-publish","format-standard","has-post-thumbnail","hentry","category-vendi"],"_links":{"self":[{"href":"https:\/\/radiojehona.mk\/index.php?rest_route=\/wp\/v2\/posts\/42641","targetHints":{"allow":["GET"]}}],"collection":[{"href":"https:\/\/radiojehona.mk\/index.php?rest_route=\/wp\/v2\/posts"}],"about":[{"href":"https:\/\/radiojehona.mk\/index.php?rest_route=\/wp\/v2\/types\/post"}],"author":[{"embeddable":true,"href":"https:\/\/radiojehona.mk\/index.php?rest_route=\/wp\/v2\/users\/2"}],"replies":[{"embeddable":true,"href":"https:\/\/radiojehona.mk\/index.php?rest_route=%2Fwp%2Fv2%2Fcomments&post=42641"}],"version-history":[{"count":1,"href":"https:\/\/radiojehona.mk\/index.php?rest_route=\/wp\/v2\/posts\/42641\/revisions"}],"predecessor-version":[{"id":42643,"href":"https:\/\/radiojehona.mk\/index.php?rest_route=\/wp\/v2\/posts\/42641\/revisions\/42643"}],"wp:featuredmedia":[{"embeddable":true,"href":"https:\/\/radiojehona.mk\/index.php?rest_route=\/wp\/v2\/media\/42642"}],"wp:attachment":[{"href":"https:\/\/radiojehona.mk\/index.php?rest_route=%2Fwp%2Fv2%2Fmedia&parent=42641"}],"wp:term":[{"taxonomy":"category","embeddable":true,"href":"https:\/\/radiojehona.mk\/index.php?rest_route=%2Fwp%2Fv2%2Fcategories&post=42641"},{"taxonomy":"post_tag","embeddable":true,"href":"https:\/\/radiojehona.mk\/index.php?rest_route=%2Fwp%2Fv2%2Ftags&post=42641"}],"curies":[{"name":"wp","href":"https:\/\/api.w.org\/{rel}","templated":true}]}}