{"id":42405,"date":"2025-05-12T13:37:35","date_gmt":"2025-05-12T13:37:35","guid":{"rendered":"https:\/\/radiojehona.com\/?p=42405"},"modified":"2025-05-12T13:37:35","modified_gmt":"2025-05-12T13:37:35","slug":"vendimi-per-spitalin-modular-me-16-maj-familjaret-te-zgjohemi-nga-gjumi-qe-mos-te-perseriten-raste-te-tilla","status":"publish","type":"post","link":"https:\/\/radiojehona.mk\/?p=42405","title":{"rendered":"Vendimi p\u00ebr spitalin modular m\u00eb 16 maj! Familjar\u00ebt: T\u00eb zgjohemi nga gjumi q\u00eb mos t\u00eb p\u00ebrs\u00ebriten raste t\u00eb tilla"},"content":{"rendered":"\n<figure class=\"wp-block-image size-full\"><img fetchpriority=\"high\" decoding=\"async\" width=\"652\" height=\"539\" src=\"https:\/\/radiojehona.com\/wp-content\/uploads\/2025\/05\/ed-1.jpg\" alt=\"\" class=\"wp-image-42406\" srcset=\"https:\/\/radiojehona.mk\/wp-content\/uploads\/2025\/05\/ed-1.jpg 652w, https:\/\/radiojehona.mk\/wp-content\/uploads\/2025\/05\/ed-1-300x248.jpg 300w\" sizes=\"(max-width: 652px) 100vw, 652px\" \/><\/figure>\n\n\n\n<p>Ka p\u00ebrfunduar rigjykimi p\u00ebr zjarrit n\u00eb Spitalin Modulari t\u00eb Tetov\u00ebs, ku humb\u00ebn jet\u00ebn 14 pacient\u00eb dhe familjar\u00eb.<\/p>\n\n\n\n<p>Akuza dhe mbrojtja, sot dhan\u00eb fjal\u00ebt p\u00ebrfundimtare, nj\u00ebra pal\u00eb duke k\u00ebrkuar d\u00ebnimin maksimal p\u00ebr dy ish drejtor\u00ebt, Florin Besimi dhe Artan Etemi, si dhe p\u00ebr personin juridik, p\u00ebrkat\u00ebsisht spitalin e Tetov\u00ebs, shkruan Alsat.<\/p>\n\n\n\n<p>Nd\u00ebrkoh\u00eb pala mbrojt\u00ebse, k\u00ebmb\u00ebngul se dy ish drejtor\u00ebt jan\u00eb t\u00eb pafajsh\u00ebm, pasi nuk kan\u00eb qen\u00eb p\u00ebrgjegj\u00ebs p\u00ebr sistemin kund\u00ebr zjarrit. Gjykat\u00ebsi i l\u00ebnd\u00ebs, vendosi q\u00eb vendimi t\u00eb jepet m\u00eb 16 maj. Familjar\u00ebt shprehen t\u00eb revoltuar, k\u00ebrkojn\u00eb d\u00ebnim maksimal p\u00ebr fajtor\u00ebt, por edhe p\u00ebr zgjerimin e list\u00ebs s\u00eb t\u00eb akuzuarve.<\/p>\n\n\n\n<p>\u201cNga vendimi p\u00ebrfundimtar presim d\u00ebnim maksimal t\u00eb t\u00eb akuzuarve. Ta marr\u00ebn d\u00ebnimin e merituar sepse, pa marr\u00eb parasysh a ka pas apo jo aparate ata u dogj\u00ebn p\u00ebr s\u00eb gjalli\u201d, tha Mumin Ismaili, familjar.<\/p>\n\n\n\n<p>\u201cThon\u00eb kablloja fajet, aparatet n\u00eb rregull krejt, njer\u00ebzit ku jan\u00eb, na tregoni ku jan\u00eb njer\u00ebzit. Gjykat\u00ebsi duhet t\u00eb jet\u00eb k\u00ebsaj radh\u00eb m\u00eb i ashp\u00ebr. Sepse n\u00ebse edhe gjyqtari kalon n\u00eb an\u00ebn e krimit do na djegim p\u00ebr s\u00eb treti\u201d, u shpreh Ibin Emshiu, familjar.<\/p>\n\n\n\n<p>\u201cNe presim t\u00eb del e v\u00ebrteta, sepse ne q\u00eb ishim familjar\u00eb aty nuk pam\u00eb asgj\u00eb kund\u00ebr zjarrit p\u00ebr tri jav\u00eb sa ishim. Nga dita e par\u00eb tek e fundit ishim aty dhe s\u2019pam\u00eb gj\u00eb, duam t\u00eb dale e v\u00ebrteta n\u00eb shesh\u201d, theksoi Qanie Selmani, familjar.<\/p>\n\n\n\n<p>Rigjykimi p\u00ebr Modularin p\u00ebrfundoi pas 8 seancave pas kthimit t\u00eb l\u00ebnd\u00ebs nga Gjykata e Apelit n\u00eb Gostivar n\u00eb maj t\u00eb vitit t\u00eb shkuar, me arsyetimin se, aktgjykimi ka qen\u00eb i pa qart\u00eb. \/ Alsat.mk<\/p>\n","protected":false},"excerpt":{"rendered":"<p>Ka p&euml;rfunduar rigjykimi p&euml;r zjarrit n&euml; Spitalin Modulari t&euml; Tetov&euml;s, ku humb&euml;n jet&euml;n 14 pacient&euml; dhe familjar&euml;. Akuza dhe mbrojtja, sot dhan&euml; fjal&euml;t p&euml;rfundimtare, nj&euml;ra pal&euml; duke k&euml;rkuar d&euml;nimin maksimal p&euml;r dy ish drejtor&euml;t, Florin Besimi dhe Artan Etemi, si dhe p&euml;r personin juridik, p&euml;rkat&euml;sisht spitalin e Tetov&euml;s, shkruan Alsat. Nd&euml;rkoh&euml; pala mbrojt&euml;se, k&euml;mb&euml;ngul se [&hellip;]<\/p>\n","protected":false},"author":2,"featured_media":42406,"comment_status":"open","ping_status":"closed","sticky":false,"template":"","format":"standard","meta":{"_monsterinsights_skip_tracking":false,"_monsterinsights_sitenote_active":false,"_monsterinsights_sitenote_note":"","_monsterinsights_sitenote_category":0,"footnotes":""},"categories":[1],"tags":[],"class_list":["post-42405","post","type-post","status-publish","format-standard","has-post-thumbnail","hentry","category-vendi"],"_links":{"self":[{"href":"https:\/\/radiojehona.mk\/index.php?rest_route=\/wp\/v2\/posts\/42405","targetHints":{"allow":["GET"]}}],"collection":[{"href":"https:\/\/radiojehona.mk\/index.php?rest_route=\/wp\/v2\/posts"}],"about":[{"href":"https:\/\/radiojehona.mk\/index.php?rest_route=\/wp\/v2\/types\/post"}],"author":[{"embeddable":true,"href":"https:\/\/radiojehona.mk\/index.php?rest_route=\/wp\/v2\/users\/2"}],"replies":[{"embeddable":true,"href":"https:\/\/radiojehona.mk\/index.php?rest_route=%2Fwp%2Fv2%2Fcomments&post=42405"}],"version-history":[{"count":1,"href":"https:\/\/radiojehona.mk\/index.php?rest_route=\/wp\/v2\/posts\/42405\/revisions"}],"predecessor-version":[{"id":42407,"href":"https:\/\/radiojehona.mk\/index.php?rest_route=\/wp\/v2\/posts\/42405\/revisions\/42407"}],"wp:featuredmedia":[{"embeddable":true,"href":"https:\/\/radiojehona.mk\/index.php?rest_route=\/wp\/v2\/media\/42406"}],"wp:attachment":[{"href":"https:\/\/radiojehona.mk\/index.php?rest_route=%2Fwp%2Fv2%2Fmedia&parent=42405"}],"wp:term":[{"taxonomy":"category","embeddable":true,"href":"https:\/\/radiojehona.mk\/index.php?rest_route=%2Fwp%2Fv2%2Fcategories&post=42405"},{"taxonomy":"post_tag","embeddable":true,"href":"https:\/\/radiojehona.mk\/index.php?rest_route=%2Fwp%2Fv2%2Ftags&post=42405"}],"curies":[{"name":"wp","href":"https:\/\/api.w.org\/{rel}","templated":true}]}}