{"id":42394,"date":"2025-05-07T09:48:12","date_gmt":"2025-05-07T09:48:12","guid":{"rendered":"https:\/\/radiojehona.com\/?p=42394"},"modified":"2025-05-07T09:48:13","modified_gmt":"2025-05-07T09:48:13","slug":"merz-timonieri-i-gjermanise-me-pak-punetore-nga-ballkani-e-rregulla-me-te-ashpra-per-emigracionin","status":"publish","type":"post","link":"https:\/\/radiojehona.mk\/?p=42394","title":{"rendered":"Merz &#8220;timonieri&#8221; i Gjermanis\u00eb: M\u00eb pak pun\u00ebtor\u00eb nga Ballkani e rregulla m\u00eb t\u00eb ashpra p\u00ebr emigracionin"},"content":{"rendered":"\n<figure class=\"wp-block-image size-full\"><img fetchpriority=\"high\" decoding=\"async\" width=\"800\" height=\"492\" src=\"https:\/\/radiojehona.com\/wp-content\/uploads\/2025\/05\/800-0-1746605018xmerz-258.png\" alt=\"\" class=\"wp-image-42395\" srcset=\"https:\/\/radiojehona.mk\/wp-content\/uploads\/2025\/05\/800-0-1746605018xmerz-258.png 800w, https:\/\/radiojehona.mk\/wp-content\/uploads\/2025\/05\/800-0-1746605018xmerz-258-300x185.png 300w, https:\/\/radiojehona.mk\/wp-content\/uploads\/2025\/05\/800-0-1746605018xmerz-258-768x472.png 768w\" sizes=\"(max-width: 800px) 100vw, 800px\" \/><\/figure>\n\n\n\n<p>Rregulla m\u00eb t\u00eb ashpra p\u00ebr emigracionin dhe m\u00eb pak pun\u00ebtor\u00eb nga Ballkani Per\u00ebndimor, sipas marr\u00ebveshjes s\u00eb re t\u00eb koalicionit n\u00eb Gjermani. N\u00eb nj\u00eb moment me sfida t\u00eb m\u00ebdha p\u00ebr Europ\u00ebn dhe ekonomin\u00eb bot\u00ebrore, drejtuesit e tri partive t\u00eb koalicionit t\u00eb ardhsh\u00ebm qeveritar n\u00eb Gjermani, Unioni Kristian-Demokrat (CDU), Partia Socialdemokrate e Gjermanis\u00eb (SPD) si edhe Unioni Kristian-Social (CSU) prezantuan t\u00eb m\u00ebrkur\u00ebn, m\u00eb 9 prill 2025, n\u00eb Berlin marr\u00ebveshjen e tyre p\u00ebr bashk\u00ebqeverisje.<\/p>\n\n\n\n<p>Kryetari i CDU-s\u00eb dhe kancelari i ardhsh\u00ebm i mundsh\u00ebm, Friedrich Merz, e cil\u00ebsoi dokumentin si nj\u00eb sinjal t\u00eb qart\u00eb p\u00ebr Europ\u00ebn dhe nj\u00eb garanci se \u201cEuropa mund t\u00eb mb\u00ebshtetet te Gjermania\u201d.<\/p>\n\n\n\n<p><strong>Reform\u00eb e thell\u00eb ekonomike dhe sociale<\/strong><\/p>\n\n\n\n<p>P\u00ebr t\u00eb ndezur motorin e ekonomis\u00eb gjermane q\u00eb tashm\u00eb ka hyr\u00eb n\u00eb vitin e tret\u00eb t\u00eb recesionit, parlamenti gjerman kishte miratur m\u00eb par\u00eb nj\u00eb paket\u00eb masash qindra milion\u00ebshe. Por tarifat e presidentit amerikan e detyrojn\u00eb koalicionin e mundsh\u00ebm t\u00eb ardhsh\u00ebm q\u00eb t\u00eb marr\u00eb masa shtes\u00eb p\u00ebr leht\u00ebsimin e industris\u00eb: P\u00ebr shembull duke ulur taksat p\u00ebr sip\u00ebrmarrjet, reduktimin e tatimeve mbi energjin\u00eb dhe p\u00ebrjashtimin nga tatimi t\u00eb or\u00ebve shtes\u00eb t\u00eb pun\u00ebs. Po ashtu, qeveria e ardhshme synon t\u00eb leht\u00ebsoj\u00eb t\u00eb ashtuquajturin \u201cpension aktiv\u201d, q\u00eb i lejon edhe pensionist\u00ebt p\u00ebr t\u00eb punuar pa tatime.<\/p>\n\n\n\n<p>Nj\u00eb tjet\u00ebr objektiv madhor \u00ebsht\u00eb reduktimi drastik i burokracis\u00eb, me q\u00ebllim q\u00eb Gjermania t\u00eb b\u00ebhet m\u00eb atraktive si p\u00ebr investitor\u00ebt, ashtu edhe p\u00ebr profesionist\u00ebt q\u00eb k\u00ebrkojn\u00eb nj\u00eb vend p\u00ebr t\u00eb jetuar. P\u00ebr k\u00ebt\u00eb arsye, koalicioni synon t\u00eb krijoj\u00eb nj\u00eb Ministri t\u00eb Digjitalizimit, e cila do t\u00eb p\u00ebrqendrohet pik\u00ebrisht n\u00eb k\u00ebt\u00eb \u00e7\u00ebshtje.<\/p>\n\n\n\n<p>\u201cPajisjet e vjetra, si faksi, duhet t\u00eb dalin jasht\u00eb p\u00ebrdorimit,\u201d tha n\u00eb m\u00ebnyr\u00eb simbolike bashk\u00ebkryetari i SPD-s\u00eb, Lars Klingbeil, dhe shtoi: \u201cTregjet nd\u00ebrkomb\u00ebtare duhet t\u00eb marrin sinjal t\u00eb qart\u00eb se k\u00ebtu mund t\u00eb investohet\u201d.<\/p>\n\n\n\n<p><strong>Ashp\u00ebrsohet politika e migracionit<\/strong><\/p>\n\n\n\n<p>N\u00eb marr\u00ebveshjen e koalicionit vihet re edhe nj\u00eb kthes\u00eb e dukshme n\u00eb politik\u00ebn e migracionit. Kryetari konservator Merz njoftoi masa t\u00eb reja si kontrollet dhe kthimet n\u00eb kufi, p\u00ebrfundimin e programeve t\u00eb pranimit vullnetar, si p\u00ebr shembull p\u00ebr refugjat\u00eb nga Afganistani, dhe pezullimin e bashkimit familjar p\u00ebr refugjat\u00ebt e luft\u00ebs. Ukrainasit q\u00eb do t\u00eb vijn\u00eb tani e tutje n\u00eb Gjermani nuk do t\u00eb p\u00ebrfitojn\u00eb automatikisht ndihma sociale. Qeveria e re d\u00ebshiron gjithashtu t\u00eb ndryshoj\u00eb ligjin e shtet\u00ebsis\u00eb: \u201cNuk do t\u00eb ket\u00eb m\u00eb shtet\u00ebsi t\u00eb p\u00ebrshpejtuar pas vet\u00ebm tre vitesh q\u00ebndrimi n\u00eb Gjermani,\u201d theksoi Merz.<\/p>\n\n\n\n<p>P\u00ebrgjysmohet numri i migrant\u00ebve t\u00eb pun\u00ebs nga Ballkani Per\u00ebndimor. Koalicioni synon gjithashtu t\u00eb kufizoj\u00eb rregulloren e Ballkanit Per\u00ebndimor, e cila deri m\u00eb tani lejonte ardhjen e rreth 50 mij\u00eb pun\u00ebtor\u00ebve t\u00eb pakualifikuar n\u00eb vit. Numri do t\u00eb p\u00ebrgjysmohet n\u00eb 25 mij\u00eb. Politika e migracionit ishte nd\u00ebr temat kryesore t\u00eb fushat\u00ebs, p\u00ebr shkak t\u00eb barr\u00ebs financiare mbi komunat. Si tregues i ashp\u00ebrsimit, Ministria e Brendshme do t\u2019i kaloj\u00eb partis\u00eb bavareze Unionit Kristian-Social (CSU).<\/p>\n\n\n\n<p><strong>Procesi i Berlinit mbetet i r\u00ebnd\u00ebsish\u00ebm<\/strong><\/p>\n\n\n\n<p>Sipas marr\u00ebveshjes, integrimi i gjasht\u00eb vendeve t\u00eb Ballkanit Per\u00ebndimor, si edhe i Ukrain\u00ebs dhe Moldavis\u00eb, n\u00eb Bashkimin Evropian (BE) konsiderohet interes strategjik i nd\u00ebrsjell\u00eb. Prandaj, Procesi i Berlinit \u2013 nj\u00eb nism\u00eb e ish-kancelares Angela Merkel \u2013 do t\u00eb mbetet aktive si platform\u00eb p\u00ebr t\u2019u ofruar vendeve t\u00eb rajonit perspektiva t\u00eb qarta dhe t\u00eb q\u00ebndrueshme p\u00ebr an\u00ebtar\u00ebsim n\u00eb BE.<\/p>\n\n\n\n<p><strong>CDU merr Ministrin\u00eb e Jashtme<\/strong><\/p>\n\n\n\n<p>P\u00ebr her\u00eb t\u00eb par\u00eb pas dekadash, Ministria e Jashtme do t\u2019i kaloj\u00eb Unionit Kristian-Demokrat. Nuk \u00ebsht\u00eb b\u00ebr\u00eb ende e ditur se kush do ta drejtoj\u00eb at\u00eb, por n\u00eb media p\u00ebrfliten disa emra. Nd\u00ebr m\u00eb t\u00eb p\u00ebrfolurit \u00ebsht\u00eb Johann David Wadephul, n\u00ebnkryetar i grupit parlamentar CDU\/CSU dhe nj\u00eb njoh\u00ebs i vjet\u00ebr i rajonit t\u00eb Ballkanit Per\u00ebndimor.<\/p>\n\n\n\n<p>62-vje\u00e7ari \u00ebsht\u00eb themelues i grupit parlamentar p\u00ebr Ballkanin Per\u00ebndimor brenda CDU\/CSU-s\u00eb n\u00eb Bundestag, nj\u00eb grupim ky q\u00eb ka luajtur nj\u00eb rol t\u00eb fuqish\u00ebm n\u00eb formulimin e politikave evropiane ndaj Ballkanit Per\u00ebndimor gjat\u00eb periudh\u00ebs s\u00eb qeverisjes s\u00eb ish-kancelares Angela Merkel. Qeveria e re gjermane pritet t\u00eb formohet n\u00eb fillim t\u00eb muajit maj, pasi marr\u00ebveshja t\u00eb miratohet edhe nga baza e tri partive.<\/p>\n\n\n\n<p><strong>DW<\/strong>&nbsp;<\/p>\n","protected":false},"excerpt":{"rendered":"<p>Rregulla m&euml; t&euml; ashpra p&euml;r emigracionin dhe m&euml; pak pun&euml;tor&euml; nga Ballkani Per&euml;ndimor, sipas marr&euml;veshjes s&euml; re t&euml; koalicionit n&euml; Gjermani. N&euml; nj&euml; moment me sfida t&euml; m&euml;dha p&euml;r Europ&euml;n dhe ekonomin&euml; bot&euml;rore, drejtuesit e tri partive t&euml; koalicionit t&euml; ardhsh&euml;m qeveritar n&euml; Gjermani, Unioni Kristian-Demokrat (CDU), Partia Socialdemokrate e Gjermanis&euml; (SPD) si edhe Unioni [&hellip;]<\/p>\n","protected":false},"author":2,"featured_media":42395,"comment_status":"open","ping_status":"closed","sticky":false,"template":"","format":"standard","meta":{"_monsterinsights_skip_tracking":false,"_monsterinsights_sitenote_active":false,"_monsterinsights_sitenote_note":"","_monsterinsights_sitenote_category":0,"footnotes":""},"categories":[569],"tags":[],"class_list":["post-42394","post","type-post","status-publish","format-standard","has-post-thumbnail","hentry","category-bota"],"_links":{"self":[{"href":"https:\/\/radiojehona.mk\/index.php?rest_route=\/wp\/v2\/posts\/42394","targetHints":{"allow":["GET"]}}],"collection":[{"href":"https:\/\/radiojehona.mk\/index.php?rest_route=\/wp\/v2\/posts"}],"about":[{"href":"https:\/\/radiojehona.mk\/index.php?rest_route=\/wp\/v2\/types\/post"}],"author":[{"embeddable":true,"href":"https:\/\/radiojehona.mk\/index.php?rest_route=\/wp\/v2\/users\/2"}],"replies":[{"embeddable":true,"href":"https:\/\/radiojehona.mk\/index.php?rest_route=%2Fwp%2Fv2%2Fcomments&post=42394"}],"version-history":[{"count":2,"href":"https:\/\/radiojehona.mk\/index.php?rest_route=\/wp\/v2\/posts\/42394\/revisions"}],"predecessor-version":[{"id":42397,"href":"https:\/\/radiojehona.mk\/index.php?rest_route=\/wp\/v2\/posts\/42394\/revisions\/42397"}],"wp:featuredmedia":[{"embeddable":true,"href":"https:\/\/radiojehona.mk\/index.php?rest_route=\/wp\/v2\/media\/42395"}],"wp:attachment":[{"href":"https:\/\/radiojehona.mk\/index.php?rest_route=%2Fwp%2Fv2%2Fmedia&parent=42394"}],"wp:term":[{"taxonomy":"category","embeddable":true,"href":"https:\/\/radiojehona.mk\/index.php?rest_route=%2Fwp%2Fv2%2Fcategories&post=42394"},{"taxonomy":"post_tag","embeddable":true,"href":"https:\/\/radiojehona.mk\/index.php?rest_route=%2Fwp%2Fv2%2Ftags&post=42394"}],"curies":[{"name":"wp","href":"https:\/\/api.w.org\/{rel}","templated":true}]}}