{"id":42387,"date":"2025-05-07T09:45:36","date_gmt":"2025-05-07T09:45:36","guid":{"rendered":"https:\/\/radiojehona.com\/?p=42387"},"modified":"2025-05-07T09:45:37","modified_gmt":"2025-05-07T09:45:37","slug":"padi-ndaj-dodikut-akuzohet-per-fyerjen-e-boshnjakeve","status":"publish","type":"post","link":"https:\/\/radiojehona.mk\/?p=42387","title":{"rendered":"Padi ndaj Dodikut, akuzohet p\u00ebr fyerjen e boshnjak\u00ebve"},"content":{"rendered":"\n<figure class=\"wp-block-image size-full\"><img fetchpriority=\"high\" decoding=\"async\" width=\"620\" height=\"413\" src=\"https:\/\/radiojehona.com\/wp-content\/uploads\/2025\/05\/dodik-1_620x0.jpg\" alt=\"\" class=\"wp-image-42388\" srcset=\"https:\/\/radiojehona.mk\/wp-content\/uploads\/2025\/05\/dodik-1_620x0.jpg 620w, https:\/\/radiojehona.mk\/wp-content\/uploads\/2025\/05\/dodik-1_620x0-300x200.jpg 300w\" sizes=\"(max-width: 620px) 100vw, 620px\" \/><\/figure>\n\n\n\n<p>N\u00ebnpresidenti i Federat\u00ebs s\u00eb Bosnje e Hercegovin\u00ebs, Igor Stojanoviq, njoftoi m\u00eb 5 maj se ka dor\u00ebzuar padi n\u00eb Zyr\u00ebn e Prokurorit t\u00eb Bosnje e Hercegovin\u00ebs kund\u00ebr presidentit t\u00eb entitetit Republika S\u00ebrpska, Millorad Dodik, mbi dyshimet se ka kryer vepr\u00ebn penale t\u00eb nxitjes s\u00eb urrejtjes komb\u00ebtare, racore dhe fetare.<\/p>\n\n\n\n<p>Stojanoviq tha, n\u00eb nj\u00eb postim n\u00eb Facebook, se Dodik ka b\u00ebr\u00eb deklarata gjat\u00eb paraqitjeve publike, t\u00eb cilat fyen dinjitetin e boshnjak\u00ebve dhe \u201cshkel\u00ebn t\u00eb drejt\u00ebn e fes\u00eb dhe kultur\u00ebs, dhe lirit\u00eb themelore, q\u00eb garantohen nga Kushtetuta dhe e drejta nd\u00ebrkomb\u00ebtare\u201d.<\/p>\n\n\n\n<p>Duke folur para gazetar\u00ebve, m\u00eb 29 prill, pas nj\u00eb takimi t\u00eb koalicionit qeveris\u00ebs n\u00eb Republik\u00ebn S\u00ebrpska, Dodik prezantoi tez\u00ebn q\u00eb zgjidhje p\u00ebr Bosnje e Hercegovin\u00ebn \u00ebsht\u00eb q\u00eb boshnjak\u00ebt \u201ct\u00eb kthehen n\u00eb fen\u00eb e paraardh\u00ebsve t\u00eb tyre, q\u00eb Bosnje e Hercegovina t\u00eb jet\u00eb me shumic\u00eb serbe\u201d.<\/p>\n\n\n\n<p>Duke mohuar identitetin e boshnjak\u00ebve, ai fyeu ata duke i quajtur \u201ct\u00eb konvertuar\u201d.<\/p>\n\n\n\n<p>Stojanoviq theksoi se ai ka obligim \u201cinstitucional dhe moral q\u00eb t\u00eb reagoj\u00eb kur k\u00ebrc\u00ebnohen themelet e shtetit \u2013 barazia, siguria dhe dinjiteti i qytetar\u00ebve t\u00eb saj\u201d.<\/p>\n\n\n\n<p>\u201cHeshtja p\u00ebrball\u00eb gjuh\u00ebs s\u00eb urrejtjes nuk \u00ebsht\u00eb opsion. Bosnje e Hercegovina \u00ebsht\u00eb shtet i t\u00eb gjith\u00eb njer\u00ebzve dhe qytetar\u00ebve t\u00eb tij. Themelet e saj jan\u00eb mbi luft\u00ebn kund\u00ebr fashizmit, mbi lirin\u00eb dhe barazin\u00eb.<\/p>\n\n\n\n<p>\u00cbsht\u00eb patriotiz\u00ebm t\u00eb mbrosh dinjitetin e \u00e7do qenieje njer\u00ebzore dhe t\u00eb mbrosh vlerat mbi t\u00eb cilat bazohet ky vend\u201d, theksoi ai.<\/p>\n\n\n\n<p>Zyra e Dodikut m\u00eb her\u00ebt nuk i \u00ebsht\u00eb p\u00ebrgjigjur pyetjes s\u00eb Radios Evropa e Lir\u00eb se pse presidenti i Republik\u00ebs S\u00ebrpska b\u00ebn komente fyese ndaj boshnjak\u00ebve, dhe n\u00ebse ai beson se ato p\u00ebrb\u00ebjn\u00eb gjuh\u00eb t\u00eb urrejtjes.<\/p>\n\n\n\n<p>Nenet e Kodit Penal t\u00eb Bosnje e Hercegovin\u00ebs ndalojn\u00eb \u201cnxitjen publike dhe nxitjen e urrejtjes komb\u00ebtare, racore apo fetare\u201d, dhe parashohin d\u00ebnim me burgim.<\/p>\n\n\n\n<p>Dodik \u00ebsht\u00eb n\u00eb k\u00ebrkim nga Gjykata e Bosnje e Hercegovin\u00ebs dhe nga Zyra e Prokurorit t\u00eb Bosnje e Hercegovin\u00ebs, p\u00ebr shkak se ai po refuzon t\u00eb p\u00ebrgjigjet p\u00ebr marrje n\u00eb pyetje p\u00ebr \u201csulm ndaj rendit kushtetues t\u00eb vendit\u201d.<\/p>\n\n\n\n<p>Fletarrestim \u00ebsht\u00eb l\u00ebshuar edhe p\u00ebr kryetarin e Asambles\u00eb s\u00eb Republik\u00ebs S\u00ebrpska, Nenad Stevandiq, dhe p\u00ebr kryeministrin e entitetit, Radovan Vishkoviq, t\u00eb cil\u00ebt po ashtu dyshohet ta ken\u00eb kryer krimin e nj\u00ebjt\u00eb.<\/p>\n","protected":false},"excerpt":{"rendered":"<p>N&euml;npresidenti i Federat&euml;s s&euml; Bosnje e Hercegovin&euml;s, Igor Stojanoviq, njoftoi m&euml; 5 maj se ka dor&euml;zuar padi n&euml; Zyr&euml;n e Prokurorit t&euml; Bosnje e Hercegovin&euml;s kund&euml;r presidentit t&euml; entitetit Republika S&euml;rpska, Millorad Dodik, mbi dyshimet se ka kryer vepr&euml;n penale t&euml; nxitjes s&euml; urrejtjes komb&euml;tare, racore dhe fetare. Stojanoviq tha, n&euml; nj&euml; postim n&euml; Facebook, [&hellip;]<\/p>\n","protected":false},"author":2,"featured_media":42388,"comment_status":"open","ping_status":"closed","sticky":false,"template":"","format":"standard","meta":{"_monsterinsights_skip_tracking":false,"_monsterinsights_sitenote_active":false,"_monsterinsights_sitenote_note":"","_monsterinsights_sitenote_category":0,"footnotes":""},"categories":[576],"tags":[],"class_list":["post-42387","post","type-post","status-publish","format-standard","has-post-thumbnail","hentry","category-rajoni"],"_links":{"self":[{"href":"https:\/\/radiojehona.mk\/index.php?rest_route=\/wp\/v2\/posts\/42387","targetHints":{"allow":["GET"]}}],"collection":[{"href":"https:\/\/radiojehona.mk\/index.php?rest_route=\/wp\/v2\/posts"}],"about":[{"href":"https:\/\/radiojehona.mk\/index.php?rest_route=\/wp\/v2\/types\/post"}],"author":[{"embeddable":true,"href":"https:\/\/radiojehona.mk\/index.php?rest_route=\/wp\/v2\/users\/2"}],"replies":[{"embeddable":true,"href":"https:\/\/radiojehona.mk\/index.php?rest_route=%2Fwp%2Fv2%2Fcomments&post=42387"}],"version-history":[{"count":2,"href":"https:\/\/radiojehona.mk\/index.php?rest_route=\/wp\/v2\/posts\/42387\/revisions"}],"predecessor-version":[{"id":42390,"href":"https:\/\/radiojehona.mk\/index.php?rest_route=\/wp\/v2\/posts\/42387\/revisions\/42390"}],"wp:featuredmedia":[{"embeddable":true,"href":"https:\/\/radiojehona.mk\/index.php?rest_route=\/wp\/v2\/media\/42388"}],"wp:attachment":[{"href":"https:\/\/radiojehona.mk\/index.php?rest_route=%2Fwp%2Fv2%2Fmedia&parent=42387"}],"wp:term":[{"taxonomy":"category","embeddable":true,"href":"https:\/\/radiojehona.mk\/index.php?rest_route=%2Fwp%2Fv2%2Fcategories&post=42387"},{"taxonomy":"post_tag","embeddable":true,"href":"https:\/\/radiojehona.mk\/index.php?rest_route=%2Fwp%2Fv2%2Ftags&post=42387"}],"curies":[{"name":"wp","href":"https:\/\/api.w.org\/{rel}","templated":true}]}}