{"id":42379,"date":"2025-05-07T09:41:52","date_gmt":"2025-05-07T09:41:52","guid":{"rendered":"https:\/\/radiojehona.com\/?p=42379"},"modified":"2025-05-07T09:41:53","modified_gmt":"2025-05-07T09:41:53","slug":"presidenti-kroat-zoran-millanoviq-per-vizite-zyrtare-ne-maqedonine-e-veriut","status":"publish","type":"post","link":"https:\/\/radiojehona.mk\/?p=42379","title":{"rendered":"Presidenti kroat Zoran Millanoviq p\u00ebr vizit\u00eb zyrtare n\u00eb Maqedonin\u00eb e Veriut"},"content":{"rendered":"\n<figure class=\"wp-block-image size-full\"><img fetchpriority=\"high\" decoding=\"async\" width=\"780\" height=\"440\" src=\"https:\/\/radiojehona.com\/wp-content\/uploads\/2025\/05\/Millovanoviq.jpg\" alt=\"\" class=\"wp-image-42380\" srcset=\"https:\/\/radiojehona.mk\/wp-content\/uploads\/2025\/05\/Millovanoviq.jpg 780w, https:\/\/radiojehona.mk\/wp-content\/uploads\/2025\/05\/Millovanoviq-300x169.jpg 300w, https:\/\/radiojehona.mk\/wp-content\/uploads\/2025\/05\/Millovanoviq-768x433.jpg 768w\" sizes=\"(max-width: 780px) 100vw, 780px\" \/><\/figure>\n\n\n\n<p>Presidenti kroat Zoran Millanoviq sot do t\u00eb q\u00ebndroj\u00eb p\u00ebr vizit\u00eb zyrtare n\u00eb vend. Ai do t\u00eb pritet me nderimet m\u00eb t\u00eb larta shtet\u00ebrore dhe ushtarake, e m\u00eb pas do t\u00eb ket\u00eb nj\u00eb takim me presidenten Gordana Siljanovska-Davkova.<\/p>\n\n\n\n<p>Sipas agjend\u00ebs, \u00ebsht\u00eb planifikuar takim t\u00eb mbajn\u00eb dy delegacionet, pas t\u00eb cilit p\u00ebr n\u00eb or\u00ebn 11:20 \u00ebsht\u00eb paralajm\u00ebruar konferenc\u00eb p\u00ebr shtyp e t\u00eb dy president\u00ebve.<\/p>\n\n\n\n<p>Gjat\u00eb vizit\u00ebs s\u00eb presidentit kroat, n\u00eb zon\u00ebn qendrore t\u00eb qytetit do t\u00eb vendoset regjim i posa\u00e7\u00ebm trafiku.<\/p>\n","protected":false},"excerpt":{"rendered":"<p>Presidenti kroat Zoran Millanoviq sot do t&euml; q&euml;ndroj&euml; p&euml;r vizit&euml; zyrtare n&euml; vend. Ai do t&euml; pritet me nderimet m&euml; t&euml; larta shtet&euml;rore dhe ushtarake, e m&euml; pas do t&euml; ket&euml; nj&euml; takim me presidenten Gordana Siljanovska-Davkova. Sipas agjend&euml;s, &euml;sht&euml; planifikuar takim t&euml; mbajn&euml; dy delegacionet, pas t&euml; cilit p&euml;r n&euml; or&euml;n 11:20 &euml;sht&euml; paralajm&euml;ruar [&hellip;]<\/p>\n","protected":false},"author":2,"featured_media":42380,"comment_status":"open","ping_status":"closed","sticky":false,"template":"","format":"standard","meta":{"_monsterinsights_skip_tracking":false,"_monsterinsights_sitenote_active":false,"_monsterinsights_sitenote_note":"","_monsterinsights_sitenote_category":0,"footnotes":""},"categories":[1],"tags":[],"class_list":["post-42379","post","type-post","status-publish","format-standard","has-post-thumbnail","hentry","category-vendi"],"_links":{"self":[{"href":"https:\/\/radiojehona.mk\/index.php?rest_route=\/wp\/v2\/posts\/42379","targetHints":{"allow":["GET"]}}],"collection":[{"href":"https:\/\/radiojehona.mk\/index.php?rest_route=\/wp\/v2\/posts"}],"about":[{"href":"https:\/\/radiojehona.mk\/index.php?rest_route=\/wp\/v2\/types\/post"}],"author":[{"embeddable":true,"href":"https:\/\/radiojehona.mk\/index.php?rest_route=\/wp\/v2\/users\/2"}],"replies":[{"embeddable":true,"href":"https:\/\/radiojehona.mk\/index.php?rest_route=%2Fwp%2Fv2%2Fcomments&post=42379"}],"version-history":[{"count":2,"href":"https:\/\/radiojehona.mk\/index.php?rest_route=\/wp\/v2\/posts\/42379\/revisions"}],"predecessor-version":[{"id":42382,"href":"https:\/\/radiojehona.mk\/index.php?rest_route=\/wp\/v2\/posts\/42379\/revisions\/42382"}],"wp:featuredmedia":[{"embeddable":true,"href":"https:\/\/radiojehona.mk\/index.php?rest_route=\/wp\/v2\/media\/42380"}],"wp:attachment":[{"href":"https:\/\/radiojehona.mk\/index.php?rest_route=%2Fwp%2Fv2%2Fmedia&parent=42379"}],"wp:term":[{"taxonomy":"category","embeddable":true,"href":"https:\/\/radiojehona.mk\/index.php?rest_route=%2Fwp%2Fv2%2Fcategories&post=42379"},{"taxonomy":"post_tag","embeddable":true,"href":"https:\/\/radiojehona.mk\/index.php?rest_route=%2Fwp%2Fv2%2Ftags&post=42379"}],"curies":[{"name":"wp","href":"https:\/\/api.w.org\/{rel}","templated":true}]}}