{"id":42373,"date":"2025-05-07T09:40:06","date_gmt":"2025-05-07T09:40:06","guid":{"rendered":"https:\/\/radiojehona.com\/?p=42373"},"modified":"2025-05-07T09:40:07","modified_gmt":"2025-05-07T09:40:07","slug":"kultivuesit-e-molleve-ne-resnje-kane-dorezuar-rreth-2400-kerkesa-per-deme-nga-moti-i-lige","status":"publish","type":"post","link":"https:\/\/radiojehona.mk\/?p=42373","title":{"rendered":"Kultivuesit e moll\u00ebve n\u00eb Resnj\u00eb kan\u00eb dor\u00ebzuar rreth 2400 k\u00ebrkesa p\u00ebr d\u00ebme nga moti i lig\u00eb"},"content":{"rendered":"\n<figure class=\"wp-block-image size-full\"><img fetchpriority=\"high\" decoding=\"async\" width=\"780\" height=\"439\" src=\"https:\/\/radiojehona.com\/wp-content\/uploads\/2025\/05\/Screenshot-2025-05-07-093357-780x439-1.png\" alt=\"\" class=\"wp-image-42374\" srcset=\"https:\/\/radiojehona.mk\/wp-content\/uploads\/2025\/05\/Screenshot-2025-05-07-093357-780x439-1.png 780w, https:\/\/radiojehona.mk\/wp-content\/uploads\/2025\/05\/Screenshot-2025-05-07-093357-780x439-1-300x169.png 300w, https:\/\/radiojehona.mk\/wp-content\/uploads\/2025\/05\/Screenshot-2025-05-07-093357-780x439-1-768x432.png 768w\" sizes=\"(max-width: 780px) 100vw, 780px\" \/><\/figure>\n\n\n\n<p>Pothuajse e gjith\u00eb prodhimi i moll\u00ebve t\u00eb Presp\u00ebs u shkat\u00ebrrua nga ngrica e prillit t\u00eb pranver\u00ebs, nd\u00ebrsa rreth 2,400 k\u00ebrkesa u paraqit\u00ebn n\u00eb thirrjen publike t\u00eb Bashkis\u00eb s\u00eb Resnj\u00ebs p\u00ebr d\u00ebmtime n\u00eb plantacionet bujq\u00ebsore, nga nj\u00eb total prej 2,600 fermash bujq\u00ebsore. Praktikisht t\u00eb gjith\u00eb fermer\u00ebt aktiv\u00eb kan\u00eb raportuar d\u00ebme, than\u00eb p\u00ebr \u201cSloboden Pe\u00e7at\u201d nga Komuna e Resnj\u00ebs.<\/p>\n\n\n\n<p>Dimensionet e k\u00ebsaj tragjedie bujq\u00ebsore jan\u00eb edhe m\u00eb t\u00eb m\u00ebdha n\u00ebse e dim\u00eb se 60 p\u00ebrqind e t\u00eb gjith\u00eb prodhimit t\u00eb frutave n\u00eb Maqedoni p\u00ebrb\u00ebhet nga moll\u00ebt. Ngricat e pranver\u00ebs i mbajt\u00ebn pem\u00ebt frutore n\u00eb rajonin e Presp\u00ebs t\u00eb ngrira p\u00ebr m\u00eb shum\u00eb se 100 or\u00eb, dhe k\u00ebt\u00eb vit jo vet\u00ebm q\u00eb nuk do t\u00eb ket\u00eb t\u00eb ardhura p\u00ebr kultivuesit e frutave, por do t\u00eb duhet t\u00eb importohen edhe moll\u00eb, gj\u00eb q\u00eb sigurisht do t\u00eb ndikoj\u00eb n\u00eb \u00e7mimin e tyre. Aktualisht, n\u00eb treg ka moll\u00eb serbe dhe \u00e7mimi i tyre varion nga 70 deri n\u00eb 100 denar\u00eb p\u00ebr kilogram.<\/p>\n\n\n\n<p>\u201cN\u00eb rajonin ton\u00eb, ka rreth 5,000 hektar\u00eb n\u00ebn plantacione frutash. Dhe n\u00eb stin\u00ebt m\u00eb t\u00eb mira, korrja \u00ebsht\u00eb nga 120 deri n\u00eb 150 mij\u00eb ton moll\u00eb. Kjo \u00ebsht\u00eb nj\u00eb humbje e madhe p\u00ebr Prespen, por edhe p\u00ebr vendin, sepse k\u00ebt\u00eb vit nuk do t\u00eb ket\u00eb t\u00eb ardhura nga eksporti\u201d thon\u00eb n\u00eb Komuna e Resnj\u00ebs.<\/p>\n\n\n\n<p>Ata shtojn\u00eb se fillimisht po mblidhen k\u00ebrkesat e fermer\u00ebve, dhe m\u00eb pas nj\u00eb komision i formuar posa\u00e7\u00ebrisht do t\u00eb duhet t\u00eb dal\u00eb n\u00eb terren p\u00ebr t\u00eb vler\u00ebsuar d\u00ebmet. Pastaj, do t\u00eb presim kompensimin nga Ministria e Bujq\u00ebsis\u00eb, t\u00eb cilin t\u00eb gjith\u00eb shpresojn\u00eb se do t\u00eb ndodh\u00eb m\u00eb shpejt n\u00eb m\u00ebnyr\u00eb q\u00eb t\u00eb mund t\u00eb vazhdojm\u00eb trajtimin dhe mbrojtjen e pem\u00ebve frutore p\u00ebr vitin e ardhsh\u00ebm.<\/p>\n\n\n\n<p>\u201cQ\u00eb nga viti 2016, ne luftojm\u00eb kund\u00ebr ndryshimeve klimatike, dhe sikur rast\u00ebsisht, ngrica t\u00eb tilla ndodhin n\u00eb pranver\u00eb, t\u00eb cilat k\u00ebt\u00eb vit zhduk\u00ebn pjeshkat n\u00eb Rosoman, si dhe kajsit\u00eb dhe bajamet q\u00eb \u00e7elin her\u00ebt. Nuk ka ndihm\u00eb p\u00ebr k\u00ebt\u00eb fatkeq\u00ebsi moti, megjith\u00ebse disa fermer\u00eb u p\u00ebrpoq\u00ebn t\u00eb shkaktonin ngrirje vet\u00eb, duke i sp\u00ebrkatur pem\u00ebt me uj\u00eb, por as kjo nuk pati dobi\u201d, shtojn\u00eb ekspert\u00ebt e Presp\u00ebs.<\/p>\n\n\n\n<p>Moll\u00ebt jan\u00eb nj\u00eb nga frutat m\u00eb t\u00eb zakonshme q\u00eb konsumohen nga qytetar\u00ebt e RMV-s\u00eb dhe sipas statistikave, n\u00eb vitin 2023, nj\u00eb familje bleu dhe h\u00ebngri deri n\u00eb 33.3 kilogram\u00eb moll\u00eb.<\/p>\n","protected":false},"excerpt":{"rendered":"<p>Pothuajse e gjith&euml; prodhimi i moll&euml;ve t&euml; Presp&euml;s u shkat&euml;rrua nga ngrica e prillit t&euml; pranver&euml;s, nd&euml;rsa rreth 2,400 k&euml;rkesa u paraqit&euml;n n&euml; thirrjen publike t&euml; Bashkis&euml; s&euml; Resnj&euml;s p&euml;r d&euml;mtime n&euml; plantacionet bujq&euml;sore, nga nj&euml; total prej 2,600 fermash bujq&euml;sore. Praktikisht t&euml; gjith&euml; fermer&euml;t aktiv&euml; kan&euml; raportuar d&euml;me, than&euml; p&euml;r &ldquo;Sloboden Pe&ccedil;at&rdquo; nga Komuna [&hellip;]<\/p>\n","protected":false},"author":2,"featured_media":42374,"comment_status":"open","ping_status":"closed","sticky":false,"template":"","format":"standard","meta":{"_monsterinsights_skip_tracking":false,"_monsterinsights_sitenote_active":false,"_monsterinsights_sitenote_note":"","_monsterinsights_sitenote_category":0,"footnotes":""},"categories":[1],"tags":[],"class_list":["post-42373","post","type-post","status-publish","format-standard","has-post-thumbnail","hentry","category-vendi"],"_links":{"self":[{"href":"https:\/\/radiojehona.mk\/index.php?rest_route=\/wp\/v2\/posts\/42373","targetHints":{"allow":["GET"]}}],"collection":[{"href":"https:\/\/radiojehona.mk\/index.php?rest_route=\/wp\/v2\/posts"}],"about":[{"href":"https:\/\/radiojehona.mk\/index.php?rest_route=\/wp\/v2\/types\/post"}],"author":[{"embeddable":true,"href":"https:\/\/radiojehona.mk\/index.php?rest_route=\/wp\/v2\/users\/2"}],"replies":[{"embeddable":true,"href":"https:\/\/radiojehona.mk\/index.php?rest_route=%2Fwp%2Fv2%2Fcomments&post=42373"}],"version-history":[{"count":1,"href":"https:\/\/radiojehona.mk\/index.php?rest_route=\/wp\/v2\/posts\/42373\/revisions"}],"predecessor-version":[{"id":42375,"href":"https:\/\/radiojehona.mk\/index.php?rest_route=\/wp\/v2\/posts\/42373\/revisions\/42375"}],"wp:featuredmedia":[{"embeddable":true,"href":"https:\/\/radiojehona.mk\/index.php?rest_route=\/wp\/v2\/media\/42374"}],"wp:attachment":[{"href":"https:\/\/radiojehona.mk\/index.php?rest_route=%2Fwp%2Fv2%2Fmedia&parent=42373"}],"wp:term":[{"taxonomy":"category","embeddable":true,"href":"https:\/\/radiojehona.mk\/index.php?rest_route=%2Fwp%2Fv2%2Fcategories&post=42373"},{"taxonomy":"post_tag","embeddable":true,"href":"https:\/\/radiojehona.mk\/index.php?rest_route=%2Fwp%2Fv2%2Ftags&post=42373"}],"curies":[{"name":"wp","href":"https:\/\/api.w.org\/{rel}","templated":true}]}}