{"id":42370,"date":"2025-05-07T09:39:12","date_gmt":"2025-05-07T09:39:12","guid":{"rendered":"https:\/\/radiojehona.com\/?p=42370"},"modified":"2025-05-07T09:39:13","modified_gmt":"2025-05-07T09:39:13","slug":"sot-shenohet-dita-e-policise-se-rmvse","status":"publish","type":"post","link":"https:\/\/radiojehona.mk\/?p=42370","title":{"rendered":"Sot sh\u00ebnohet Dita e Policis\u00eb s\u00eb RMVs\u00eb"},"content":{"rendered":"\n<figure class=\"wp-block-image size-full\"><img fetchpriority=\"high\" decoding=\"async\" width=\"780\" height=\"470\" src=\"https:\/\/radiojehona.com\/wp-content\/uploads\/2025\/05\/1-1-780x470-1.webp\" alt=\"\" class=\"wp-image-42371\" srcset=\"https:\/\/radiojehona.mk\/wp-content\/uploads\/2025\/05\/1-1-780x470-1.webp 780w, https:\/\/radiojehona.mk\/wp-content\/uploads\/2025\/05\/1-1-780x470-1-300x181.webp 300w, https:\/\/radiojehona.mk\/wp-content\/uploads\/2025\/05\/1-1-780x470-1-768x463.webp 768w\" sizes=\"(max-width: 780px) 100vw, 780px\" \/><\/figure>\n\n\n\n<p>N\u00eb Qendr\u00ebn p\u00ebr Trajnim t\u00eb MPB-s\u00eb n\u00eb Idrizov\u00eb (n\u00eb fush\u00ebn sportive) sot do t\u00eb mbahet fFestimi qendror me rastin e Dit\u00ebs s\u00eb Policis\u00eb s\u00eb Maqedonis\u00eb \u2013 7 Maji.<\/p>\n\n\n\n<p>Si\u00e7 informojn\u00eb&nbsp; nga Ministria e Pun\u00ebve t\u00eb Brendshme, n\u00eb ngjarje fjalime do t\u00eb ken\u00eb kryetari i Qeveris\u00eb Hristijan Mickoski, ministri i Pun\u00ebve t\u00eb Brendshme Pan\u00e7e Toshkovski dhe drejtori i Byros\u00eb p\u00ebr Siguri Publike n\u00eb MPB Aleksandar Janev.<\/p>\n\n\n\n<p>N\u00eb sh\u00ebnimin e Dit\u00ebs s\u00eb Policis\u00eb s\u00eb Maqedonis\u00eb do t\u00eb marrin pjes\u00eb edhe ministra dhe t\u00eb ftuar t\u00eb tjer\u00eb dhe p\u00ebrfaq\u00ebsues t\u00eb trupit diplomatik n\u00eb Maqedoni.<\/p>\n\n\n\n<p>N\u00eb kuad\u00ebr t\u00eb festimit jan\u00eb parapar\u00eb ekspozit\u00eb dhe prezantim i pajisjeve nga nj\u00ebsi t\u00eb ndryshme policore.<\/p>\n","protected":false},"excerpt":{"rendered":"<p>N&euml; Qendr&euml;n p&euml;r Trajnim t&euml; MPB-s&euml; n&euml; Idrizov&euml; (n&euml; fush&euml;n sportive) sot do t&euml; mbahet fFestimi qendror me rastin e Dit&euml;s s&euml; Policis&euml; s&euml; Maqedonis&euml; &ndash; 7 Maji. Si&ccedil; informojn&euml;&nbsp; nga Ministria e Pun&euml;ve t&euml; Brendshme, n&euml; ngjarje fjalime do t&euml; ken&euml; kryetari i Qeveris&euml; Hristijan Mickoski, ministri i Pun&euml;ve t&euml; Brendshme Pan&ccedil;e Toshkovski dhe [&hellip;]<\/p>\n","protected":false},"author":2,"featured_media":42371,"comment_status":"open","ping_status":"closed","sticky":false,"template":"","format":"standard","meta":{"_monsterinsights_skip_tracking":false,"_monsterinsights_sitenote_active":false,"_monsterinsights_sitenote_note":"","_monsterinsights_sitenote_category":0,"footnotes":""},"categories":[1],"tags":[],"class_list":["post-42370","post","type-post","status-publish","format-standard","has-post-thumbnail","hentry","category-vendi"],"_links":{"self":[{"href":"https:\/\/radiojehona.mk\/index.php?rest_route=\/wp\/v2\/posts\/42370","targetHints":{"allow":["GET"]}}],"collection":[{"href":"https:\/\/radiojehona.mk\/index.php?rest_route=\/wp\/v2\/posts"}],"about":[{"href":"https:\/\/radiojehona.mk\/index.php?rest_route=\/wp\/v2\/types\/post"}],"author":[{"embeddable":true,"href":"https:\/\/radiojehona.mk\/index.php?rest_route=\/wp\/v2\/users\/2"}],"replies":[{"embeddable":true,"href":"https:\/\/radiojehona.mk\/index.php?rest_route=%2Fwp%2Fv2%2Fcomments&post=42370"}],"version-history":[{"count":1,"href":"https:\/\/radiojehona.mk\/index.php?rest_route=\/wp\/v2\/posts\/42370\/revisions"}],"predecessor-version":[{"id":42372,"href":"https:\/\/radiojehona.mk\/index.php?rest_route=\/wp\/v2\/posts\/42370\/revisions\/42372"}],"wp:featuredmedia":[{"embeddable":true,"href":"https:\/\/radiojehona.mk\/index.php?rest_route=\/wp\/v2\/media\/42371"}],"wp:attachment":[{"href":"https:\/\/radiojehona.mk\/index.php?rest_route=%2Fwp%2Fv2%2Fmedia&parent=42370"}],"wp:term":[{"taxonomy":"category","embeddable":true,"href":"https:\/\/radiojehona.mk\/index.php?rest_route=%2Fwp%2Fv2%2Fcategories&post=42370"},{"taxonomy":"post_tag","embeddable":true,"href":"https:\/\/radiojehona.mk\/index.php?rest_route=%2Fwp%2Fv2%2Ftags&post=42370"}],"curies":[{"name":"wp","href":"https:\/\/api.w.org\/{rel}","templated":true}]}}