{"id":42367,"date":"2025-05-07T09:38:24","date_gmt":"2025-05-07T09:38:24","guid":{"rendered":"https:\/\/radiojehona.com\/?p=42367"},"modified":"2025-05-07T09:38:24","modified_gmt":"2025-05-07T09:38:24","slug":"vlen-maqedonia-e-veriut-merr-drejtimin-e-strategjise-eusair-per-nje-rajon-me-te-lidhur","status":"publish","type":"post","link":"https:\/\/radiojehona.mk\/?p=42367","title":{"rendered":"VLEN: Maqedonia e Veriut merr drejtimin e strategjis\u00eb EUSAIR p\u00ebr nj\u00eb rajon m\u00eb t\u00eb lidhur"},"content":{"rendered":"\n<figure class=\"wp-block-image size-full\"><img fetchpriority=\"high\" decoding=\"async\" width=\"696\" height=\"445\" src=\"https:\/\/radiojehona.com\/wp-content\/uploads\/2025\/05\/vlen-emri-696x445-1.jpg\" alt=\"\" class=\"wp-image-42368\" srcset=\"https:\/\/radiojehona.mk\/wp-content\/uploads\/2025\/05\/vlen-emri-696x445-1.jpg 696w, https:\/\/radiojehona.mk\/wp-content\/uploads\/2025\/05\/vlen-emri-696x445-1-300x192.jpg 300w\" sizes=\"(max-width: 696px) 100vw, 696px\" \/><\/figure>\n\n\n\n<p>VLEN n\u00eb nj\u00eb kumtes\u00eb p\u00ebr media thekson se ministri p\u00ebr \u00c7\u00ebshtje Evropiane, Orhan Murtezani, mori pjes\u00eb n\u00eb Panelin e Ministrave p\u00ebr Fondet Evropiane n\u00eb kuad\u00ebr t\u00eb Forumit t\u00eb EUSAIR-it, ku u diskutua p\u00ebr t\u00eb ardhmen e strategjis\u00eb rajonale Adriatiko-Joniane.<\/p>\n\n\n\n<p>Nga VLEN thon\u00eb se n\u00eb k\u00ebt\u00eb ngjarje t\u00eb r\u00ebnd\u00ebsishme, Maqedonia e Veriut u paraqit si vendi q\u00eb s\u00eb shpejti do t\u00eb marr\u00eb kryesimin me strategjin\u00eb EUSAIR, e cila tashm\u00eb prej nj\u00eb dekade luan rol t\u00eb r\u00ebnd\u00ebsish\u00ebm n\u00eb nd\u00ebrtimin e lidhjeve rajonale dhe mb\u00ebshtetjen e proceseve t\u00eb integrimit evropian.<\/p>\n\n\n\n<p>\u201cMinistri Murtezani prezantoi vizionin e Maqedonis\u00eb s\u00eb Veriut p\u00ebr nj\u00eb makrorajon m\u00eb t\u00eb fort\u00eb, m\u00eb dinamik dhe m\u00eb t\u00eb lidhur, p\u00ebrmes zhvillimit t\u00eb infrastruktur\u00ebs, p\u00ebrfshirjes digjitale, rritjes s\u00eb pjes\u00ebmarrjes s\u00eb t\u00eb rinjve dhe bashk\u00ebpunimit t\u00eb hapur me sektorin civil dhe at\u00eb privat\u201d.<\/p>\n\n\n\n<p>\u201cP\u00ebr m\u00eb tep\u00ebr, Maqedonia e Veriut do t\u00eb marr\u00eb edhe p\u00ebrgjegj\u00ebsin\u00eb p\u00ebr koordinimin e shtyll\u00ebs tematike \u201cLidhja e rajonit\u201d, q\u00eb ka p\u00ebr synim t\u00eb nxis\u00eb projekte konkrete p\u00ebr forcimin e lidhjeve ekonomike, institucionale dhe njer\u00ebzore nd\u00ebrmjet vendeve t\u00eb rajonit\u201d.<\/p>\n\n\n\n<p>\u201cVLEN e konsideron k\u00ebt\u00eb rol t\u00eb ri si nj\u00eb mund\u00ebsi p\u00ebr t\u00eb forcuar m\u00eb tej pozicionin e Maqedonis\u00eb s\u00eb Veriut n\u00eb rajon dhe p\u00ebr t\u00eb d\u00ebshmuar p\u00ebrkushtimin ndaj nj\u00eb bashk\u00ebpunimi aktiv dhe t\u00eb q\u00ebndruesh\u00ebm drejt integrimit t\u00eb plot\u00eb evropian\u201d, thon\u00eb nga VLEN.<\/p>\n","protected":false},"excerpt":{"rendered":"<p>VLEN n&euml; nj&euml; kumtes&euml; p&euml;r media thekson se ministri p&euml;r &Ccedil;&euml;shtje Evropiane, Orhan Murtezani, mori pjes&euml; n&euml; Panelin e Ministrave p&euml;r Fondet Evropiane n&euml; kuad&euml;r t&euml; Forumit t&euml; EUSAIR-it, ku u diskutua p&euml;r t&euml; ardhmen e strategjis&euml; rajonale Adriatiko-Joniane. Nga VLEN thon&euml; se n&euml; k&euml;t&euml; ngjarje t&euml; r&euml;nd&euml;sishme, Maqedonia e Veriut u paraqit si vendi [&hellip;]<\/p>\n","protected":false},"author":2,"featured_media":42368,"comment_status":"open","ping_status":"closed","sticky":false,"template":"","format":"standard","meta":{"_monsterinsights_skip_tracking":false,"_monsterinsights_sitenote_active":false,"_monsterinsights_sitenote_note":"","_monsterinsights_sitenote_category":0,"footnotes":""},"categories":[1],"tags":[],"class_list":["post-42367","post","type-post","status-publish","format-standard","has-post-thumbnail","hentry","category-vendi"],"_links":{"self":[{"href":"https:\/\/radiojehona.mk\/index.php?rest_route=\/wp\/v2\/posts\/42367","targetHints":{"allow":["GET"]}}],"collection":[{"href":"https:\/\/radiojehona.mk\/index.php?rest_route=\/wp\/v2\/posts"}],"about":[{"href":"https:\/\/radiojehona.mk\/index.php?rest_route=\/wp\/v2\/types\/post"}],"author":[{"embeddable":true,"href":"https:\/\/radiojehona.mk\/index.php?rest_route=\/wp\/v2\/users\/2"}],"replies":[{"embeddable":true,"href":"https:\/\/radiojehona.mk\/index.php?rest_route=%2Fwp%2Fv2%2Fcomments&post=42367"}],"version-history":[{"count":1,"href":"https:\/\/radiojehona.mk\/index.php?rest_route=\/wp\/v2\/posts\/42367\/revisions"}],"predecessor-version":[{"id":42369,"href":"https:\/\/radiojehona.mk\/index.php?rest_route=\/wp\/v2\/posts\/42367\/revisions\/42369"}],"wp:featuredmedia":[{"embeddable":true,"href":"https:\/\/radiojehona.mk\/index.php?rest_route=\/wp\/v2\/media\/42368"}],"wp:attachment":[{"href":"https:\/\/radiojehona.mk\/index.php?rest_route=%2Fwp%2Fv2%2Fmedia&parent=42367"}],"wp:term":[{"taxonomy":"category","embeddable":true,"href":"https:\/\/radiojehona.mk\/index.php?rest_route=%2Fwp%2Fv2%2Fcategories&post=42367"},{"taxonomy":"post_tag","embeddable":true,"href":"https:\/\/radiojehona.mk\/index.php?rest_route=%2Fwp%2Fv2%2Ftags&post=42367"}],"curies":[{"name":"wp","href":"https:\/\/api.w.org\/{rel}","templated":true}]}}