{"id":42364,"date":"2025-05-06T13:43:54","date_gmt":"2025-05-06T13:43:54","guid":{"rendered":"https:\/\/radiojehona.com\/?p=42364"},"modified":"2025-05-06T13:43:54","modified_gmt":"2025-05-06T13:43:54","slug":"presidenti-i-uefa-s-kritikon-ashper-stadiumet-ne-itali-keni-infrastrukturen-me-te-keqe-deri-tani","status":"publish","type":"post","link":"https:\/\/radiojehona.mk\/?p=42364","title":{"rendered":"Presidenti i UEFA-s kritikon ashp\u00ebr stadiumet n\u00eb Itali: Keni infrastruktur\u00ebn m\u00eb t\u00eb keqe deri tani"},"content":{"rendered":"\n<figure class=\"wp-block-image size-full\"><img fetchpriority=\"high\" decoding=\"async\" width=\"780\" height=\"439\" src=\"https:\/\/radiojehona.com\/wp-content\/uploads\/2025\/05\/ceferin-780x439-1.jpg\" alt=\"\" class=\"wp-image-42365\" srcset=\"https:\/\/radiojehona.mk\/wp-content\/uploads\/2025\/05\/ceferin-780x439-1.jpg 780w, https:\/\/radiojehona.mk\/wp-content\/uploads\/2025\/05\/ceferin-780x439-1-300x169.jpg 300w, https:\/\/radiojehona.mk\/wp-content\/uploads\/2025\/05\/ceferin-780x439-1-768x432.jpg 768w\" sizes=\"(max-width: 780px) 100vw, 780px\" \/><\/figure>\n\n\n\n<p><strong>Presidenti i UEFA-s, Aleksander Ceferin, ka kritikuar gjendjen e stadiumeve n\u00eb Itali, duke pretenduar se vendi ka \u201cinfrastruktur\u00ebn m\u00eb t\u00eb keqe deri m\u00eb tani\u201d nga kombet m\u00eb t\u00eb m\u00ebdha n\u00eb Evrop\u00eb dhe i ka b\u00ebr\u00eb thirrje qeveris\u00eb t\u00eb rregulloj\u00eb situat\u00ebn.<\/strong><\/p>\n\n\n\n<p>Ceferin ka folur me&nbsp;<em>SportMediaset<\/em>&nbsp;p\u00ebrpara ndeshjes s\u00eb dyt\u00eb gjysm\u00ebfinale t\u00eb Lig\u00ebs s\u00eb Kampion\u00ebve midis Interit dhe Barcelon\u00ebs, e cila aktualisht \u00ebsht\u00eb e barabart\u00eb 3-3 pas nj\u00eb ndeshjeje emocionuese n\u00eb ndeshjen e par\u00eb t\u00eb m\u00ebrkur\u00ebn e kaluar.<\/p>\n\n\n\n<p>Nd\u00ebr temat e diskutimit p\u00ebr Ceferin n\u00eb intervist\u00ebn e tij ishte stadiumi Giuseppe Meazza dhe p\u00ebrpjekja e d\u00ebshtuar p\u00ebr t\u00eb pritur finalen e Lig\u00ebs s\u00eb Kampion\u00ebve.<\/p>\n\n\n\n<p>Duke pasur parasysh se ka debate t\u00eb vazhdueshme rreth t\u00eb ardhmes s\u00eb stadiumit mitik italian, Ceferin u pyet p\u00ebr pik\u00ebpamjet e tij dhe dha nj\u00eb p\u00ebrgjigje t\u00eb frustruar n\u00eb p\u00ebrgjigje.<\/p>\n\n\n\n<blockquote class=\"twitter-tweet\"><p lang=\"en\" dir=\"ltr\">UEFA President Aleksander \u010ceferin says that &#39;Italian infrastructure is a shame&#39;, that the country has &#39;by far the worst infrastructure&#39; of the world&#39;s &#39;big&#39; football nations and says that the situation surrounding new stadiums is &#39;very bad&#39;. <a href=\"https:\/\/t.co\/cPceJK1zL9\">pic.twitter.com\/cPceJK1zL9<\/a><\/p>&mdash; Football Italia (@footballitalia) <a href=\"https:\/\/twitter.com\/footballitalia\/status\/1919707757462118782?ref_src=twsrc%5Etfw\">May 6, 2025<\/a><\/blockquote> <script async src=\"https:\/\/platform.twitter.com\/widgets.js\" charset=\"utf-8\"><\/script>\n\n\n\n<p>\u201cMendoj se infrastruktura italiane e futbollit \u00ebsht\u00eb p\u00ebr t\u00eb ardhur keq. Jeni nj\u00eb nga vendet m\u00eb t\u00eb m\u00ebdha t\u00eb futbollit, keni fituar shum\u00eb Kupa Bote, Kampionate Evropiane, Liga Kampion\u00ebsh, por n\u00eb t\u00eb nj\u00ebjt\u00ebn koh\u00eb, midis vendeve t\u00eb m\u00ebdha, keni infrastruktur\u00ebn m\u00eb t\u00eb keqe deri m\u00eb tani\u201d, ka th\u00ebn\u00eb fillimisht Ceferin.<\/p>\n\n\n\n<p>\u201cP\u00ebr t\u00eb qen\u00eb i sinqert\u00eb, jam pak i lodhur nga k\u00ebto diskutime rreth infrastruktur\u00ebs italiane, sepse e t\u00ebra \u00e7far\u00eb d\u00ebgjojm\u00eb jan\u00eb fjal\u00eb. Shpresoj q\u00eb Italia t\u00eb b\u00ebj\u00eb di\u00e7ka. Klubet kan\u00eb nevoj\u00eb p\u00ebr ndihm\u00eb nga qeveria, nga bashkit\u00eb lokale dhe madje edhe nga investitor\u00ebt privat\u00eb. \u00cbsht\u00eb koha p\u00ebr t\u00eb vepruar, sepse situata \u00ebsht\u00eb shum\u00eb e keqe\u201d.<\/p>\n\n\n\n<figure class=\"wp-block-image\"><img decoding=\"async\" src=\"https:\/\/telegrafi.com\/wp-content\/uploads\/2025\/05\/giuseppe-meazza.jpg\" alt=\"\" class=\"wp-image-4276845\"\/><\/figure>\n\n\n\n<p>Megjithat\u00eb, Ceferin \u00ebsht\u00eb i bindur se Italia do t\u00eb jet\u00eb n\u00eb gjendje ta ndryshoj\u00eb situat\u00ebn n\u00eb koh\u00eb p\u00ebr Euro 2032, i cili aktualisht pritet t\u00eb bashk\u00eborganizohet nga Italia dhe Turqia.<\/p>\n\n\n\n<p>\u201cNuk jam i shqet\u00ebsuar ende. Mendoj se tani, edhe qeveria e ka kuptuar se duhet t\u00eb b\u00ebj\u00eb di\u00e7ka. Kam shum\u00eb besim te Gabriele Gravina, i cili \u00ebsht\u00eb n\u00ebnkryetari im i par\u00eb. Ai do t\u00eb b\u00ebj\u00eb gjith\u00e7ka q\u00eb mundet p\u00ebr t\u00eb ngushtuar hendekun. Jam i sigurt se Italia do t\u00eb pres\u00eb Kampionatin Evropian 2032\u201d, p\u00ebrfundoi i pari i UEFA-s.&nbsp;<strong><em>\/Telegrafi\/<\/em><\/strong><\/p>\n","protected":false},"excerpt":{"rendered":"<p>Presidenti i UEFA-s, Aleksander Ceferin, ka kritikuar gjendjen e stadiumeve n&euml; Itali, duke pretenduar se vendi ka &ldquo;infrastruktur&euml;n m&euml; t&euml; keqe deri m&euml; tani&rdquo; nga kombet m&euml; t&euml; m&euml;dha n&euml; Evrop&euml; dhe i ka b&euml;r&euml; thirrje qeveris&euml; t&euml; rregulloj&euml; situat&euml;n. Ceferin ka folur me&nbsp;SportMediaset&nbsp;p&euml;rpara ndeshjes s&euml; dyt&euml; gjysm&euml;finale t&euml; Lig&euml;s s&euml; Kampion&euml;ve midis Interit dhe [&hellip;]<\/p>\n","protected":false},"author":2,"featured_media":42365,"comment_status":"open","ping_status":"closed","sticky":false,"template":"","format":"standard","meta":{"_monsterinsights_skip_tracking":false,"_monsterinsights_sitenote_active":false,"_monsterinsights_sitenote_note":"","_monsterinsights_sitenote_category":0,"footnotes":""},"categories":[578],"tags":[],"class_list":["post-42364","post","type-post","status-publish","format-standard","has-post-thumbnail","hentry","category-sport"],"_links":{"self":[{"href":"https:\/\/radiojehona.mk\/index.php?rest_route=\/wp\/v2\/posts\/42364","targetHints":{"allow":["GET"]}}],"collection":[{"href":"https:\/\/radiojehona.mk\/index.php?rest_route=\/wp\/v2\/posts"}],"about":[{"href":"https:\/\/radiojehona.mk\/index.php?rest_route=\/wp\/v2\/types\/post"}],"author":[{"embeddable":true,"href":"https:\/\/radiojehona.mk\/index.php?rest_route=\/wp\/v2\/users\/2"}],"replies":[{"embeddable":true,"href":"https:\/\/radiojehona.mk\/index.php?rest_route=%2Fwp%2Fv2%2Fcomments&post=42364"}],"version-history":[{"count":1,"href":"https:\/\/radiojehona.mk\/index.php?rest_route=\/wp\/v2\/posts\/42364\/revisions"}],"predecessor-version":[{"id":42366,"href":"https:\/\/radiojehona.mk\/index.php?rest_route=\/wp\/v2\/posts\/42364\/revisions\/42366"}],"wp:featuredmedia":[{"embeddable":true,"href":"https:\/\/radiojehona.mk\/index.php?rest_route=\/wp\/v2\/media\/42365"}],"wp:attachment":[{"href":"https:\/\/radiojehona.mk\/index.php?rest_route=%2Fwp%2Fv2%2Fmedia&parent=42364"}],"wp:term":[{"taxonomy":"category","embeddable":true,"href":"https:\/\/radiojehona.mk\/index.php?rest_route=%2Fwp%2Fv2%2Fcategories&post=42364"},{"taxonomy":"post_tag","embeddable":true,"href":"https:\/\/radiojehona.mk\/index.php?rest_route=%2Fwp%2Fv2%2Ftags&post=42364"}],"curies":[{"name":"wp","href":"https:\/\/api.w.org\/{rel}","templated":true}]}}