{"id":42361,"date":"2025-05-06T13:41:55","date_gmt":"2025-05-06T13:41:55","guid":{"rendered":"https:\/\/radiojehona.com\/?p=42361"},"modified":"2025-05-06T13:41:56","modified_gmt":"2025-05-06T13:41:56","slug":"e-konfirmon-enrique-dembele-do-te-luaje-ndaj-arsenalit","status":"publish","type":"post","link":"https:\/\/radiojehona.mk\/?p=42361","title":{"rendered":"E konfirmon Enrique: Dembele do t\u00eb luaj\u00eb ndaj Arsenalit"},"content":{"rendered":"\n<figure class=\"wp-block-image size-full\"><img fetchpriority=\"high\" decoding=\"async\" width=\"740\" height=\"519\" src=\"https:\/\/radiojehona.com\/wp-content\/uploads\/2025\/05\/dembele.jpg\" alt=\"\" class=\"wp-image-42362\" srcset=\"https:\/\/radiojehona.mk\/wp-content\/uploads\/2025\/05\/dembele.jpg 740w, https:\/\/radiojehona.mk\/wp-content\/uploads\/2025\/05\/dembele-300x210.jpg 300w\" sizes=\"(max-width: 740px) 100vw, 740px\" \/><\/figure>\n\n\n\n<p><strong>Lajm i mir\u00eb p\u00ebr skuadr\u00ebn e Luis Enriques para ndeshjes me Arsenalin<\/strong>.<\/p>\n\n\n\n<p>Sulmuesi francez, Ousmane Dembele do t\u00eb jet\u00eb n\u00eb dispozicion p\u00ebr ndeshjen e nes\u00ebrme, pas atij l\u00ebndimit q\u00eb p\u00ebsoi n\u00eb ndeshjen e par\u00eb.<ins><\/ins><\/p>\n\n\n\n<p>K\u00ebt\u00eb e konfirmoi vet\u00eb Enrique, i cili tregoi se u st\u00ebrvit me skuadr\u00ebn p\u00ebr dy dit\u00eb rresht.<\/p>\n\n\n\n<p>\u201cAi \u00ebsht\u00eb st\u00ebrvitur me ne p\u00ebr dy dit\u00eb rresht, k\u00ebshtu q\u00eb do t\u00eb jet\u00eb gati t\u00eb luaj\u00eb\u201d, njoftoi Luis Enrique.<\/p>\n\n\n\n<figure class=\"wp-block-image\"><img decoding=\"async\" src=\"https:\/\/ads2.indeksonline.net\/www\/delivery\/lg.php?bannerid=0&amp;campaignid=0&amp;zoneid=218&amp;loc=https%3A%2F%2Findeksonline.net%2Fe-konfirmon-enrique-dembele-do-te-luaje-ndaj-arsenalit%2F&amp;referer=https%3A%2F%2Ffax.al%2F&amp;cb=410e3e0622\" alt=\"\"\/><\/figure>\n\n\n\n<p>Kujtojm\u00eb se PSG, do t\u00eb jet\u00eb nikoqir i Arsenalit n\u00eb \u201cParc des Princes\u201d, me ndeshjen q\u00eb zhvillohet nes\u00ebr n\u00eb or\u00ebn 21:00.\/IndeksOnline\/<\/p>\n","protected":false},"excerpt":{"rendered":"<p>Lajm i mir&euml; p&euml;r skuadr&euml;n e Luis Enriques para ndeshjes me Arsenalin. Sulmuesi francez, Ousmane Dembele do t&euml; jet&euml; n&euml; dispozicion p&euml;r ndeshjen e nes&euml;rme, pas atij l&euml;ndimit q&euml; p&euml;soi n&euml; ndeshjen e par&euml;. K&euml;t&euml; e konfirmoi vet&euml; Enrique, i cili tregoi se u st&euml;rvit me skuadr&euml;n p&euml;r dy dit&euml; rresht. &ldquo;Ai &euml;sht&euml; st&euml;rvitur me [&hellip;]<\/p>\n","protected":false},"author":2,"featured_media":42362,"comment_status":"open","ping_status":"closed","sticky":false,"template":"","format":"standard","meta":{"_monsterinsights_skip_tracking":false,"_monsterinsights_sitenote_active":false,"_monsterinsights_sitenote_note":"","_monsterinsights_sitenote_category":0,"footnotes":""},"categories":[578],"tags":[],"class_list":["post-42361","post","type-post","status-publish","format-standard","has-post-thumbnail","hentry","category-sport"],"_links":{"self":[{"href":"https:\/\/radiojehona.mk\/index.php?rest_route=\/wp\/v2\/posts\/42361","targetHints":{"allow":["GET"]}}],"collection":[{"href":"https:\/\/radiojehona.mk\/index.php?rest_route=\/wp\/v2\/posts"}],"about":[{"href":"https:\/\/radiojehona.mk\/index.php?rest_route=\/wp\/v2\/types\/post"}],"author":[{"embeddable":true,"href":"https:\/\/radiojehona.mk\/index.php?rest_route=\/wp\/v2\/users\/2"}],"replies":[{"embeddable":true,"href":"https:\/\/radiojehona.mk\/index.php?rest_route=%2Fwp%2Fv2%2Fcomments&post=42361"}],"version-history":[{"count":1,"href":"https:\/\/radiojehona.mk\/index.php?rest_route=\/wp\/v2\/posts\/42361\/revisions"}],"predecessor-version":[{"id":42363,"href":"https:\/\/radiojehona.mk\/index.php?rest_route=\/wp\/v2\/posts\/42361\/revisions\/42363"}],"wp:featuredmedia":[{"embeddable":true,"href":"https:\/\/radiojehona.mk\/index.php?rest_route=\/wp\/v2\/media\/42362"}],"wp:attachment":[{"href":"https:\/\/radiojehona.mk\/index.php?rest_route=%2Fwp%2Fv2%2Fmedia&parent=42361"}],"wp:term":[{"taxonomy":"category","embeddable":true,"href":"https:\/\/radiojehona.mk\/index.php?rest_route=%2Fwp%2Fv2%2Fcategories&post=42361"},{"taxonomy":"post_tag","embeddable":true,"href":"https:\/\/radiojehona.mk\/index.php?rest_route=%2Fwp%2Fv2%2Ftags&post=42361"}],"curies":[{"name":"wp","href":"https:\/\/api.w.org\/{rel}","templated":true}]}}