{"id":42350,"date":"2025-05-06T13:34:00","date_gmt":"2025-05-06T13:34:00","guid":{"rendered":"https:\/\/radiojehona.com\/?p=42350"},"modified":"2025-05-06T13:34:01","modified_gmt":"2025-05-06T13:34:01","slug":"be-paralajmeron-per-tarifa-te-reja-amerikane-ndaj-produkteve-farmaceutike-dhe-cipave","status":"publish","type":"post","link":"https:\/\/radiojehona.mk\/?p=42350","title":{"rendered":"BE paralajm\u00ebron p\u00ebr tarifa t\u00eb reja amerikane ndaj produkteve farmaceutike dhe \u00e7ipave"},"content":{"rendered":"\n<figure class=\"wp-block-image size-full\"><img fetchpriority=\"high\" decoding=\"async\" width=\"696\" height=\"391\" src=\"https:\/\/radiojehona.com\/wp-content\/uploads\/2025\/05\/auto_bashkimi-evropian-11639512201-696x391-1.jpg\" alt=\"\" class=\"wp-image-42351\" srcset=\"https:\/\/radiojehona.mk\/wp-content\/uploads\/2025\/05\/auto_bashkimi-evropian-11639512201-696x391-1.jpg 696w, https:\/\/radiojehona.mk\/wp-content\/uploads\/2025\/05\/auto_bashkimi-evropian-11639512201-696x391-1-300x169.jpg 300w\" sizes=\"(max-width: 696px) 100vw, 696px\" \/><\/figure>\n\n\n\n<p>Komisioneri Evropian i Tregtis\u00eb, Maros Sefcovic paralajm\u00ebroi sot se Shtetet e Bashkuara t\u00eb Amerik\u00ebs mund t\u00eb vendosin tarifa t\u00eb reja p\u00ebr eksportet evropiane, duke synuar deri n\u00eb 97% t\u00eb mallrave t\u00eb eksportuara.<\/p>\n\n\n\n<p>\u201cP\u00ebrve\u00e7 nj\u00eb hetimi t\u00eb vazhduesh\u00ebm mbi l\u00ebnd\u00ebn drusore, administrata amerikane koh\u00ebt e fundit hapi gjasht\u00eb hetime t\u00eb m\u00ebtejshme p\u00ebr t\u00eb p\u00ebrcaktuar efektin e importeve n\u00eb sigurin\u00eb komb\u00ebtare\u201d, tha Sefcovic.<\/p>\n\n\n\n<p>\u201cSektor\u00ebt shtes\u00eb t\u00eb synuar p\u00ebrfshijn\u00eb produktet farmaceutike, gjysm\u00ebp\u00ebr\u00e7uesit, mineralet kritike dhe kamion\u00ebt dhe pjes\u00ebt e kamion\u00ebve\u201d, tha ai, duke iu drejtuar Parlamentit Evropian n\u00eb Strasburg.<\/p>\n\n\n\n<p>\u201cN\u00ebse t\u00eb gjitha k\u00ebto hetime \u00e7ojn\u00eb n\u00eb tarifa shtes\u00eb, 97% e eksporteve t\u00eb BE-s\u00eb n\u00eb SHBA do t\u2019i n\u00ebnshtroheshin detyrimeve t\u00eb importit q\u00eb p\u00ebrfaq\u00ebsojn\u00eb nj\u00eb v\u00ebllim tregtar prej 549 miliard\u00eb eurosh (622,8 miliard\u00eb dollar\u00eb)\u201d, tha ai.<\/p>\n\n\n\n<p>\u201cSituata si e till\u00eb nuk \u00ebsht\u00eb e pranueshme dhe nuk mund t\u00eb p\u00ebrballojm\u00eb t\u00eb q\u00ebndrojm\u00eb duarkryq\u201d, tha Sefcovic.<\/p>\n\n\n\n<p>Komisioneri i Tregtis\u00eb p\u00ebrs\u00ebriti ambicien e BE-s\u00eb p\u00ebr t\u00eb gjetur nj\u00eb zgjidhje t\u00eb negociuar me SHBA-n\u00eb.<\/p>\n\n\n\n<p>\u201cTani kemi nevoj\u00eb q\u00eb SHBA-ja t\u00eb tregoj\u00eb gatishm\u00ebrin\u00eb p\u00ebr t\u00eb b\u00ebr\u00eb progres drejt nj\u00eb zgjidhjeje t\u00eb drejt\u00eb dhe t\u00eb ekuilibruar\u201d, tha ai.<\/p>\n\n\n\n<p>P\u00ebrve\u00e7 ndjekjes s\u00eb bisedimeve, Brukseli po p\u00ebrgatitet p\u00ebr t\u00eb b\u00ebr\u00eb nj\u00eb padi p\u00ebr t\u00eb ruajtur dhe p\u00ebrforcuar sistemin tregtar t\u00eb bazuar n\u00eb rregulla shum\u00ebpal\u00ebshe\u201d, tha Sefcovic, dhe po p\u00ebrshpejtonte negociatat e tregtis\u00eb s\u00eb lir\u00eb me partner\u00eb t\u00eb tjer\u00eb tregtar\u00eb global\u00eb.<\/p>\n\n\n\n<p>\u201cSHBA-ja p\u00ebrfaq\u00ebson 13% t\u00eb tregtis\u00eb globale. \u00cbsht\u00eb shum\u00eb. Por nuk duhet t\u00eb harrojm\u00eb 87% t\u00eb mbetur\u201d, tha ai.<\/p>\n\n\n\n<p>N\u00eb prill, presidenti i SHBA-s\u00eb Donald Trump pezulloi taksat speciale ndaj importeve nga shumica e partner\u00ebve tregtar\u00eb, p\u00ebrfshir\u00eb BE-n\u00eb, p\u00ebr 90 dit\u00eb, duke b\u00ebr\u00eb q\u00eb blloku t\u00eb pezullonte kund\u00ebr-tarifat e planifikuara p\u00ebr t\u00eb lejuar bisedime t\u00eb m\u00ebtejshme.<\/p>\n","protected":false},"excerpt":{"rendered":"<p>Komisioneri Evropian i Tregtis&euml;, Maros Sefcovic paralajm&euml;roi sot se Shtetet e Bashkuara t&euml; Amerik&euml;s mund t&euml; vendosin tarifa t&euml; reja p&euml;r eksportet evropiane, duke synuar deri n&euml; 97% t&euml; mallrave t&euml; eksportuara. &ldquo;P&euml;rve&ccedil; nj&euml; hetimi t&euml; vazhduesh&euml;m mbi l&euml;nd&euml;n drusore, administrata amerikane koh&euml;t e fundit hapi gjasht&euml; hetime t&euml; m&euml;tejshme p&euml;r t&euml; p&euml;rcaktuar efektin e [&hellip;]<\/p>\n","protected":false},"author":2,"featured_media":42351,"comment_status":"open","ping_status":"closed","sticky":false,"template":"","format":"standard","meta":{"_monsterinsights_skip_tracking":false,"_monsterinsights_sitenote_active":false,"_monsterinsights_sitenote_note":"","_monsterinsights_sitenote_category":0,"footnotes":""},"categories":[569],"tags":[],"class_list":["post-42350","post","type-post","status-publish","format-standard","has-post-thumbnail","hentry","category-bota"],"_links":{"self":[{"href":"https:\/\/radiojehona.mk\/index.php?rest_route=\/wp\/v2\/posts\/42350","targetHints":{"allow":["GET"]}}],"collection":[{"href":"https:\/\/radiojehona.mk\/index.php?rest_route=\/wp\/v2\/posts"}],"about":[{"href":"https:\/\/radiojehona.mk\/index.php?rest_route=\/wp\/v2\/types\/post"}],"author":[{"embeddable":true,"href":"https:\/\/radiojehona.mk\/index.php?rest_route=\/wp\/v2\/users\/2"}],"replies":[{"embeddable":true,"href":"https:\/\/radiojehona.mk\/index.php?rest_route=%2Fwp%2Fv2%2Fcomments&post=42350"}],"version-history":[{"count":2,"href":"https:\/\/radiojehona.mk\/index.php?rest_route=\/wp\/v2\/posts\/42350\/revisions"}],"predecessor-version":[{"id":42353,"href":"https:\/\/radiojehona.mk\/index.php?rest_route=\/wp\/v2\/posts\/42350\/revisions\/42353"}],"wp:featuredmedia":[{"embeddable":true,"href":"https:\/\/radiojehona.mk\/index.php?rest_route=\/wp\/v2\/media\/42351"}],"wp:attachment":[{"href":"https:\/\/radiojehona.mk\/index.php?rest_route=%2Fwp%2Fv2%2Fmedia&parent=42350"}],"wp:term":[{"taxonomy":"category","embeddable":true,"href":"https:\/\/radiojehona.mk\/index.php?rest_route=%2Fwp%2Fv2%2Fcategories&post=42350"},{"taxonomy":"post_tag","embeddable":true,"href":"https:\/\/radiojehona.mk\/index.php?rest_route=%2Fwp%2Fv2%2Ftags&post=42350"}],"curies":[{"name":"wp","href":"https:\/\/api.w.org\/{rel}","templated":true}]}}