{"id":42339,"date":"2025-05-06T13:29:37","date_gmt":"2025-05-06T13:29:37","guid":{"rendered":"https:\/\/radiojehona.com\/?p=42339"},"modified":"2025-05-06T13:29:37","modified_gmt":"2025-05-06T13:29:37","slug":"se-shpejti-10-deri-20-linja-te-reja-ajrore-nga-shkupi-modele-te-reja-subvencionimi","status":"publish","type":"post","link":"https:\/\/radiojehona.mk\/?p=42339","title":{"rendered":"S\u00eb shpejti 10 deri 20 linja t\u00eb reja ajrore nga Shkupi, modele t\u00eb reja subvencionimi"},"content":{"rendered":"\n<figure class=\"wp-block-image size-large\"><img fetchpriority=\"high\" decoding=\"async\" width=\"1024\" height=\"662\" src=\"https:\/\/radiojehona.com\/wp-content\/uploads\/2025\/05\/aeroporti-shkupit-1024x662.jpg\" alt=\"\" class=\"wp-image-42340\" srcset=\"https:\/\/radiojehona.mk\/wp-content\/uploads\/2025\/05\/aeroporti-shkupit-1024x662.jpg 1024w, https:\/\/radiojehona.mk\/wp-content\/uploads\/2025\/05\/aeroporti-shkupit-300x194.jpg 300w, https:\/\/radiojehona.mk\/wp-content\/uploads\/2025\/05\/aeroporti-shkupit-768x496.jpg 768w, https:\/\/radiojehona.mk\/wp-content\/uploads\/2025\/05\/aeroporti-shkupit.jpg 1097w\" sizes=\"(max-width: 1024px) 100vw, 1024px\" \/><\/figure>\n\n\n\n<p>Ministri i Transportit dhe Lidhjeve t\u00eb RMV-s\u00eb, Aleksandar Nikollovski paralajm\u00ebron linka t\u00eb reja fluturimesh nga Shkup p\u00ebrmes formave t\u00eb reja t\u00eb subvencionimeve.<\/p>\n\n\n\n<p>\u201cBisedojm\u00eb me \u201cWizz Air\u201d p\u00ebr ta hapur linj\u00ebn Budapest-Oh\u00ebr. Konsiderojm\u00eb se \u00ebsht\u00eb m\u00eb t\u00ebrheq\u00ebse sepse plazhi i Ohrit ka shum\u00eb p\u00ebr t\u00eb ofruar p\u00ebr turist\u00ebt. Nd\u00ebrkoh\u00eb, po zhvillojm\u00eb nj\u00eb model t\u00eb ri p\u00ebr t\u00ebrheqjen e linjave t\u00eb reja ajrore dhe konsiderojm\u00eb se ky model do t\u00eb sjell\u00eb t\u00eb pakt\u00ebn dhjet\u00eb, nd\u00ebrsa potencialisht nj\u00ebzet destinacione t\u00eb reja\u201d, tha z\u00ebvend\u00ebskryeministri dhe minist\u00ebr i Transportit Aleksandar Nikolloski n\u00eb nj\u00eb intervist\u00eb t\u00eb m\u00ebngjesit n\u00eb Radio Lider.<\/p>\n\n\n\n<p>Sipas tij, modeli i tanish\u00ebm i subvencioneve p\u00ebr pasagjer\u00ebt q\u00eb vijn\u00eb po jep rezultate, si\u00e7 thot\u00eb ministri, brenda pak muaj jan\u00eb siguruar 10 linja t\u00eb reja. Me modelin e ri po shqyrtohet rritja e subvencioneve.<\/p>\n\n\n\n<p>\u201cMe njer\u00ebzit nga ministria punoj p\u00ebr nj\u00eb model t\u00eb ri, nuk dua t\u00eb jap premtoj, por mendoj se do t\u00eb sjell\u00eb t\u00eb pakt\u00ebn dhjet\u00eb dhe potencialisht deri n\u00eb nj\u00ebzet destinacione t\u00eb reja n\u00eb nj\u00eb periudh\u00eb t\u00eb shkurt\u00ebr kohore. Modeli \u00ebsht\u00eb q\u00eb duam t\u2019i rrisim subvencionet. P\u00ebr momentin paguajm\u00eb p\u00ebr \u00e7do pasagjer q\u00eb vjen p\u00ebr dik\u00eb q\u00eb do t\u00eb zbarkoj\u00eb n\u00eb Shkup nga 9 euro, nd\u00ebrsa p\u00ebr dik\u00eb q\u00eb do t\u00eb zbarkoj\u00eb n\u00eb Oh\u00ebr paguajmn\u00eb nga 12 euro. Jemi t\u00eb gatsh\u00ebm t\u00eb ngjitemi lart me kusht q\u00eb kompania t\u00eb hap\u00eb t\u00eb pakt\u00ebn 10 destinacione n\u00eb t\u00eb nj\u00ebjt\u00ebn koh\u00eb, por le ta p\u00ebrfundojm\u00eb dhe pastaj do t\u00eb flasim p\u00ebr k\u00ebt\u00eb\u201d, tha z\u00ebvend\u00ebskryeministri Nikolloski.<\/p>\n\n\n\n<p>Si\u00e7 informoi Ministria e Transportit, po negociohet me \u201cWizz Air\u201c-in p\u00ebr t\u00eb krijuar nj\u00eb linj\u00eb ajrore nga Budapesti n\u00eb Oh\u00ebr si m\u00eb t\u00ebrheq\u00ebse krahasuar me Aeroportin e Shkupit.<\/p>\n\n\n\n<p>\u201cBudapest \u2013 Shkup, ishte e vetmja linj\u00eb ajrore p\u00ebr t\u00eb cil\u00ebn \u201cWizz Air\u201c-i kan\u00eb marr\u00eb subvencione nga qeveria hungareze, subvencionet kan\u00eb mbaruar, fatkeq\u00ebsisht, numri i pasagjer\u00ebve \u00ebsht\u00eb i ul\u00ebt, dhe p\u00ebr k\u00ebt\u00eb arsye ajo linj\u00eb u anulua. Ne bisedojm\u00eb me kompanin\u00eb \u201cWizz Air\u201c, meqen\u00ebse baza e tyre m\u00eb e madhe \u00ebsht\u00eb n\u00eb Budapest, p\u00ebr t\u00eb hapur nj\u00eb linj\u00eb p\u00ebr n\u00eb Oh\u00ebr. Mendojm\u00eb se do t\u00eb jet\u00eb m\u00eb t\u00ebrheq\u00ebse sepse potenciali turistik \u00ebsht\u00eb shum\u00eb m\u00eb i madh, dhe n\u00eb aspektin komercial, Budapesti nuk ishte t\u00ebrheq\u00ebs p\u00ebr Shkupin sepse ka dy destinacione m\u00eb t\u00eb af\u00ebrta, Vjen\u00eb dhe Bratislav\u00eb, p\u00ebr t\u00eb cilat ka fluturime nga Shkupi, dhe nuk ka aq shum\u00eb pasagjer\u00eb nga Maqedonia q\u00eb t\u00eb sh\u00ebrbehen brenda nj\u00eb radiusi dy or\u00ebsh n\u00eb tre aeroporte\u201d, shpjegoi z\u00ebvend\u00ebskryeministri Nikolloski.<\/p>\n\n\n\n<p>Ai potencoi se fluturimet \u00e7arter t\u00eb \u201cFribird\u201d jan\u00eb nj\u00eb input i fort\u00eb p\u00ebr rritjen e trafikut ajror, dhe k\u00ebshtu drejtp\u00ebrdrejt p\u00ebr turizmin, pasi \u00e7do dit\u00eb t\u00eb pakt\u00ebn 180 turist\u00eb zbarkojn\u00eb n\u00eb Aeroportin e Shkupit. Ambicia, sipas z\u00ebvend\u00ebskryeministrit Nikolloski, \u00ebsht\u00eb t\u00eb pakt\u00ebn dy fluturime \u00e7arter n\u00eb dit\u00eb n\u00eb Aeroportin e Ohrit.<\/p>\n\n\n\n<p>\u201cAmbicia \u00ebsht\u00eb q\u00eb vitin e ardhsh\u00ebm t\u00eb zbarkojn\u00eb t\u00eb pakt\u00ebn dy aeroplan\u00eb n\u00eb Oh\u00ebr, q\u00eb do t\u00eb thot\u00eb se \u00e7do dit\u00eb do t\u00eb kemi dyqind turist\u00eb t\u00eb rinj. Ata q\u00ebndrojn\u00eb p\u00ebr t\u00eb pakt\u00ebn 4 dit\u00eb, q\u00eb do t\u00eb thot\u00eb se ke 800 turist\u00eb n\u00eb bregdetin e Ohrit n\u00eb muaj jo t\u00ebrheq\u00ebs, duke mbushur hotelet, restorantet dhe \u00e7arshin\u00eb. Input \u00ebsht\u00eb edhe \u201cTurkish erlajns\u201d, kompani ajrore num\u00ebr nj\u00eb n\u00eb bot\u00eb, duke fluturuar nga aeroporti m\u00eb i madh n\u00eb Evrop\u00eb p\u00ebr n\u00eb Oh\u00ebr. Pra, n\u00eb aeroportin e Ohrit ndryshimi \u00ebsht\u00eb duksh\u00ebm\u201d, tha z\u00ebvend\u00ebskryeministri Nikolloski.<\/p>\n\n\n\n<p>Si\u00e7 theksoi, kemi lidhje me 64 destinacione, nga t\u00eb cilat 56 nga Shkupi dhe 8 nga aeroporti i Ohrit, q\u00eb, potencoi, \u00ebsht\u00eb nj\u00eb sukses serioz i Qeveris\u00eb dhe koncesionerit TAV.<\/p>\n","protected":false},"excerpt":{"rendered":"<p>Ministri i Transportit dhe Lidhjeve t&euml; RMV-s&euml;, Aleksandar Nikollovski paralajm&euml;ron linka t&euml; reja fluturimesh nga Shkup p&euml;rmes formave t&euml; reja t&euml; subvencionimeve. &ldquo;Bisedojm&euml; me &ldquo;Wizz Air&rdquo; p&euml;r ta hapur linj&euml;n Budapest-Oh&euml;r. Konsiderojm&euml; se &euml;sht&euml; m&euml; t&euml;rheq&euml;se sepse plazhi i Ohrit ka shum&euml; p&euml;r t&euml; ofruar p&euml;r turist&euml;t. Nd&euml;rkoh&euml;, po zhvillojm&euml; nj&euml; model t&euml; ri p&euml;r [&hellip;]<\/p>\n","protected":false},"author":2,"featured_media":42340,"comment_status":"open","ping_status":"closed","sticky":false,"template":"","format":"standard","meta":{"_monsterinsights_skip_tracking":false,"_monsterinsights_sitenote_active":false,"_monsterinsights_sitenote_note":"","_monsterinsights_sitenote_category":0,"footnotes":""},"categories":[1],"tags":[],"class_list":["post-42339","post","type-post","status-publish","format-standard","has-post-thumbnail","hentry","category-vendi"],"_links":{"self":[{"href":"https:\/\/radiojehona.mk\/index.php?rest_route=\/wp\/v2\/posts\/42339","targetHints":{"allow":["GET"]}}],"collection":[{"href":"https:\/\/radiojehona.mk\/index.php?rest_route=\/wp\/v2\/posts"}],"about":[{"href":"https:\/\/radiojehona.mk\/index.php?rest_route=\/wp\/v2\/types\/post"}],"author":[{"embeddable":true,"href":"https:\/\/radiojehona.mk\/index.php?rest_route=\/wp\/v2\/users\/2"}],"replies":[{"embeddable":true,"href":"https:\/\/radiojehona.mk\/index.php?rest_route=%2Fwp%2Fv2%2Fcomments&post=42339"}],"version-history":[{"count":2,"href":"https:\/\/radiojehona.mk\/index.php?rest_route=\/wp\/v2\/posts\/42339\/revisions"}],"predecessor-version":[{"id":42342,"href":"https:\/\/radiojehona.mk\/index.php?rest_route=\/wp\/v2\/posts\/42339\/revisions\/42342"}],"wp:featuredmedia":[{"embeddable":true,"href":"https:\/\/radiojehona.mk\/index.php?rest_route=\/wp\/v2\/media\/42340"}],"wp:attachment":[{"href":"https:\/\/radiojehona.mk\/index.php?rest_route=%2Fwp%2Fv2%2Fmedia&parent=42339"}],"wp:term":[{"taxonomy":"category","embeddable":true,"href":"https:\/\/radiojehona.mk\/index.php?rest_route=%2Fwp%2Fv2%2Fcategories&post=42339"},{"taxonomy":"post_tag","embeddable":true,"href":"https:\/\/radiojehona.mk\/index.php?rest_route=%2Fwp%2Fv2%2Ftags&post=42339"}],"curies":[{"name":"wp","href":"https:\/\/api.w.org\/{rel}","templated":true}]}}