{"id":42332,"date":"2025-05-06T13:26:19","date_gmt":"2025-05-06T13:26:19","guid":{"rendered":"https:\/\/radiojehona.com\/?p=42332"},"modified":"2025-05-06T13:26:19","modified_gmt":"2025-05-06T13:26:19","slug":"presidenti-kroat-millanoviq-neser-per-vizite-zyrtare-ne-shkup","status":"publish","type":"post","link":"https:\/\/radiojehona.mk\/?p=42332","title":{"rendered":"Presidenti kroat Millanoviq, nes\u00ebr p\u00ebr vizit\u00eb zyrtare n\u00eb Shkup"},"content":{"rendered":"\n<figure class=\"wp-block-image size-full\"><img fetchpriority=\"high\" decoding=\"async\" width=\"750\" height=\"430\" src=\"https:\/\/radiojehona.com\/wp-content\/uploads\/2025\/05\/zoran-milanoviq-1392x849-1-750x430-1.jpg\" alt=\"\" class=\"wp-image-42333\" srcset=\"https:\/\/radiojehona.mk\/wp-content\/uploads\/2025\/05\/zoran-milanoviq-1392x849-1-750x430-1.jpg 750w, https:\/\/radiojehona.mk\/wp-content\/uploads\/2025\/05\/zoran-milanoviq-1392x849-1-750x430-1-300x172.jpg 300w\" sizes=\"(max-width: 750px) 100vw, 750px\" \/><\/figure>\n\n\n\n<p>Presidenti i Republik\u00ebs s\u00eb Kroacis\u00eb, Zoran Millanoviq, nes\u00ebr do t\u00eb q\u00ebndroj\u00eb p\u00ebr vizit\u00eb zyrtare n\u00eb Republik\u00ebn e Maqedonis\u00eb s\u00eb Veriut.<\/p>\n\n\n\n<p>\u00cbsht\u00eb parapar\u00eb q\u00eb Millanoviqi t\u00eb ket\u00eb takim me nikoqiren e tij \u2013 presidenten Gordana Siljanovska Davkova, si dhe me p\u00ebrfaq\u00ebsues t\u00eb tjer\u00eb t\u00eb Maqedonis\u00eb s\u00eb Veriut.<\/p>\n\n\n\n<p>P\u00ebr shkak t\u00eb vizit\u00ebs s\u00eb Presidentit kroat Millanoviq, n\u00eb Shkup nes\u00ebr do t\u00eb ket\u00eb regjim t\u00eb ve\u00e7ant\u00eb trafiku n\u00eb zon\u00ebn m\u00eb t\u00eb gjer\u00eb qendrore t\u00eb Shkupit.<\/p>\n\n\n\n<p>SPB Shkup u b\u00ebn thirrje t\u00eb gjith\u00eb qytetar\u00ebve q\u00eb marrin pjes\u00eb n\u00eb trafik q\u00eb t\u00eb respektojn\u00eb urdhrat e dh\u00ebna nga n\u00ebpun\u00ebsit e policis\u00eb.<\/p>\n","protected":false},"excerpt":{"rendered":"<p>Presidenti i Republik&euml;s s&euml; Kroacis&euml;, Zoran Millanoviq, nes&euml;r do t&euml; q&euml;ndroj&euml; p&euml;r vizit&euml; zyrtare n&euml; Republik&euml;n e Maqedonis&euml; s&euml; Veriut. &Euml;sht&euml; parapar&euml; q&euml; Millanoviqi t&euml; ket&euml; takim me nikoqiren e tij &ndash; presidenten Gordana Siljanovska Davkova, si dhe me p&euml;rfaq&euml;sues t&euml; tjer&euml; t&euml; Maqedonis&euml; s&euml; Veriut. P&euml;r shkak t&euml; vizit&euml;s s&euml; Presidentit kroat Millanoviq, n&euml; [&hellip;]<\/p>\n","protected":false},"author":2,"featured_media":42333,"comment_status":"open","ping_status":"closed","sticky":false,"template":"","format":"standard","meta":{"_monsterinsights_skip_tracking":false,"_monsterinsights_sitenote_active":false,"_monsterinsights_sitenote_note":"","_monsterinsights_sitenote_category":0,"footnotes":""},"categories":[1],"tags":[],"class_list":["post-42332","post","type-post","status-publish","format-standard","has-post-thumbnail","hentry","category-vendi"],"_links":{"self":[{"href":"https:\/\/radiojehona.mk\/index.php?rest_route=\/wp\/v2\/posts\/42332","targetHints":{"allow":["GET"]}}],"collection":[{"href":"https:\/\/radiojehona.mk\/index.php?rest_route=\/wp\/v2\/posts"}],"about":[{"href":"https:\/\/radiojehona.mk\/index.php?rest_route=\/wp\/v2\/types\/post"}],"author":[{"embeddable":true,"href":"https:\/\/radiojehona.mk\/index.php?rest_route=\/wp\/v2\/users\/2"}],"replies":[{"embeddable":true,"href":"https:\/\/radiojehona.mk\/index.php?rest_route=%2Fwp%2Fv2%2Fcomments&post=42332"}],"version-history":[{"count":1,"href":"https:\/\/radiojehona.mk\/index.php?rest_route=\/wp\/v2\/posts\/42332\/revisions"}],"predecessor-version":[{"id":42334,"href":"https:\/\/radiojehona.mk\/index.php?rest_route=\/wp\/v2\/posts\/42332\/revisions\/42334"}],"wp:featuredmedia":[{"embeddable":true,"href":"https:\/\/radiojehona.mk\/index.php?rest_route=\/wp\/v2\/media\/42333"}],"wp:attachment":[{"href":"https:\/\/radiojehona.mk\/index.php?rest_route=%2Fwp%2Fv2%2Fmedia&parent=42332"}],"wp:term":[{"taxonomy":"category","embeddable":true,"href":"https:\/\/radiojehona.mk\/index.php?rest_route=%2Fwp%2Fv2%2Fcategories&post=42332"},{"taxonomy":"post_tag","embeddable":true,"href":"https:\/\/radiojehona.mk\/index.php?rest_route=%2Fwp%2Fv2%2Ftags&post=42332"}],"curies":[{"name":"wp","href":"https:\/\/api.w.org\/{rel}","templated":true}]}}