{"id":42329,"date":"2025-05-06T13:25:27","date_gmt":"2025-05-06T13:25:27","guid":{"rendered":"https:\/\/radiojehona.com\/?p=42329"},"modified":"2025-05-06T13:25:28","modified_gmt":"2025-05-06T13:25:28","slug":"murtezani-bashkepunimi-rajonal-thelbesor-per-rrugen-drejt-be-se-dhe-zhvillimin-e-rajonit","status":"publish","type":"post","link":"https:\/\/radiojehona.mk\/?p=42329","title":{"rendered":"Murtezani: Bashk\u00ebpunimi rajonal thelb\u00ebsor p\u00ebr rrug\u00ebn drejt BE-s\u00eb dhe zhvillimin e rajonit"},"content":{"rendered":"\n<figure class=\"wp-block-image size-full\"><img fetchpriority=\"high\" decoding=\"async\" width=\"780\" height=\"439\" src=\"https:\/\/radiojehona.com\/wp-content\/uploads\/2025\/05\/FOTO3-780x439-1.jpg\" alt=\"\" class=\"wp-image-42330\" srcset=\"https:\/\/radiojehona.mk\/wp-content\/uploads\/2025\/05\/FOTO3-780x439-1.jpg 780w, https:\/\/radiojehona.mk\/wp-content\/uploads\/2025\/05\/FOTO3-780x439-1-300x169.jpg 300w, https:\/\/radiojehona.mk\/wp-content\/uploads\/2025\/05\/FOTO3-780x439-1-768x432.jpg 768w\" sizes=\"(max-width: 780px) 100vw, 780px\" \/><\/figure>\n\n\n\n<p>Ministri p\u00ebr \u00e7\u00ebshtje Evropiane, Orhan Murtezani sot mori pjes\u00eb n\u00eb Takimin Ministror t\u00eb Iniciativ\u00ebs Adriatiko-Joniane dhe Korniz\u00ebs s\u00eb Strategjis\u00eb s\u00eb BE-s\u00eb p\u00ebr Rajonin Adriatiko-Jonian (EUSAIR), nj\u00eb platform\u00eb rajonale q\u00eb synon t\u00eb forcoj\u00eb bashk\u00ebpunimin dhe integrimin mes 10 shteteve t\u00eb rajonit.<\/p>\n\n\n\n<p>N\u00eb fjal\u00ebn e tij, Ministri theksoi r\u00ebnd\u00ebsin\u00eb e bashk\u00ebpunimit t\u00eb nd\u00ebrsjell\u00eb p\u00ebr p\u00ebrparimin e p\u00ebrbashk\u00ebt.<\/p>\n\n\n\n<p>\u201cVet\u00ebm p\u00ebrmes bashk\u00ebpunimit rajonal t\u00eb thelluar mund t\u00eb nd\u00ebrtojm\u00eb ekonomi m\u00eb t\u00eb fort\u00eb, lidhje m\u00eb kualitative dhe jet\u00eb m\u00eb t\u00eb mir\u00eb p\u00ebr qytetar\u00ebt\u201d, u shpreh ai.<\/p>\n\n\n\n<p>Ai gjithashtu vler\u00ebsoi Planin e reviduar t\u00eb Veprimit t\u00eb EUSAIR-it si nj\u00eb mund\u00ebsi p\u00ebr p\u00ebrshpejtimin e integrimit evropian.<\/p>\n\n\n\n<p>\u201cPlani i reviduar i Veprimit t\u00eb EUSAIR-it, me fokus n\u00eb zgjerim, na hap mund\u00ebsin\u00eb t\u00eb p\u00ebrshpejtojm\u00eb rrug\u00ebn drejt BE-s\u00eb dhe t\u00eb p\u00ebrforcojm\u00eb ndikimin pozitiv t\u00eb reformave\u201d, tha ministri.<\/p>\n\n\n\n<p>Duke ritheksuar angazhimin e vendit p\u00ebr k\u00ebt\u00eb proces, ai p\u00ebrfundoi: \u201cJemi t\u00eb p\u00ebrgatitur ta udh\u00ebheqim k\u00ebt\u00eb proces me p\u00ebrgjegj\u00ebsi dhe ambicie, duke nd\u00ebrtuar mbi praktikat e mira dhe duke sjell\u00eb energji t\u00eb re p\u00ebr rajonin\u201d.<\/p>\n\n\n\n<p>Takimi p\u00ebrfaq\u00ebson nj\u00eb hap t\u00eb r\u00ebnd\u00ebsish\u00ebm drejt forcimit t\u00eb bashk\u00ebpunimit rajonal dhe p\u00ebrshpejtimit t\u00eb integrimit evropian p\u00ebr vendet e p\u00ebrfshira n\u00eb k\u00ebt\u00eb iniciativ\u00eb.<\/p>\n","protected":false},"excerpt":{"rendered":"<p>Ministri p&euml;r &ccedil;&euml;shtje Evropiane, Orhan Murtezani sot mori pjes&euml; n&euml; Takimin Ministror t&euml; Iniciativ&euml;s Adriatiko-Joniane dhe Korniz&euml;s s&euml; Strategjis&euml; s&euml; BE-s&euml; p&euml;r Rajonin Adriatiko-Jonian (EUSAIR), nj&euml; platform&euml; rajonale q&euml; synon t&euml; forcoj&euml; bashk&euml;punimin dhe integrimin mes 10 shteteve t&euml; rajonit. N&euml; fjal&euml;n e tij, Ministri theksoi r&euml;nd&euml;sin&euml; e bashk&euml;punimit t&euml; nd&euml;rsjell&euml; p&euml;r p&euml;rparimin e p&euml;rbashk&euml;t. [&hellip;]<\/p>\n","protected":false},"author":2,"featured_media":42330,"comment_status":"open","ping_status":"closed","sticky":false,"template":"","format":"standard","meta":{"_monsterinsights_skip_tracking":false,"_monsterinsights_sitenote_active":false,"_monsterinsights_sitenote_note":"","_monsterinsights_sitenote_category":0,"footnotes":""},"categories":[1],"tags":[],"class_list":["post-42329","post","type-post","status-publish","format-standard","has-post-thumbnail","hentry","category-vendi"],"_links":{"self":[{"href":"https:\/\/radiojehona.mk\/index.php?rest_route=\/wp\/v2\/posts\/42329","targetHints":{"allow":["GET"]}}],"collection":[{"href":"https:\/\/radiojehona.mk\/index.php?rest_route=\/wp\/v2\/posts"}],"about":[{"href":"https:\/\/radiojehona.mk\/index.php?rest_route=\/wp\/v2\/types\/post"}],"author":[{"embeddable":true,"href":"https:\/\/radiojehona.mk\/index.php?rest_route=\/wp\/v2\/users\/2"}],"replies":[{"embeddable":true,"href":"https:\/\/radiojehona.mk\/index.php?rest_route=%2Fwp%2Fv2%2Fcomments&post=42329"}],"version-history":[{"count":1,"href":"https:\/\/radiojehona.mk\/index.php?rest_route=\/wp\/v2\/posts\/42329\/revisions"}],"predecessor-version":[{"id":42331,"href":"https:\/\/radiojehona.mk\/index.php?rest_route=\/wp\/v2\/posts\/42329\/revisions\/42331"}],"wp:featuredmedia":[{"embeddable":true,"href":"https:\/\/radiojehona.mk\/index.php?rest_route=\/wp\/v2\/media\/42330"}],"wp:attachment":[{"href":"https:\/\/radiojehona.mk\/index.php?rest_route=%2Fwp%2Fv2%2Fmedia&parent=42329"}],"wp:term":[{"taxonomy":"category","embeddable":true,"href":"https:\/\/radiojehona.mk\/index.php?rest_route=%2Fwp%2Fv2%2Fcategories&post=42329"},{"taxonomy":"post_tag","embeddable":true,"href":"https:\/\/radiojehona.mk\/index.php?rest_route=%2Fwp%2Fv2%2Ftags&post=42329"}],"curies":[{"name":"wp","href":"https:\/\/api.w.org\/{rel}","templated":true}]}}