{"id":42326,"date":"2025-05-06T13:24:19","date_gmt":"2025-05-06T13:24:19","guid":{"rendered":"https:\/\/radiojehona.com\/?p=42326"},"modified":"2025-05-06T13:24:19","modified_gmt":"2025-05-06T13:24:19","slug":"kallezim-penal-ndaj-ish-drejtorit-te-ishp-kumanove-ka-demtuar-buxhetin-per-mbi-350-000-euro","status":"publish","type":"post","link":"https:\/\/radiojehona.mk\/?p=42326","title":{"rendered":"Kall\u00ebzim penal ndaj ish-drejtorit t\u00eb ISHP Kumanov\u00eb, ka d\u00ebmtuar buxhetin p\u00ebr mbi 350.000 euro"},"content":{"rendered":"\n<figure class=\"wp-block-image size-full\"><img fetchpriority=\"high\" decoding=\"async\" width=\"780\" height=\"439\" src=\"https:\/\/radiojehona.com\/wp-content\/uploads\/2025\/05\/spitali-i-kumanoves-780x439-1-780x439-1.png\" alt=\"\" class=\"wp-image-42327\" srcset=\"https:\/\/radiojehona.mk\/wp-content\/uploads\/2025\/05\/spitali-i-kumanoves-780x439-1-780x439-1.png 780w, https:\/\/radiojehona.mk\/wp-content\/uploads\/2025\/05\/spitali-i-kumanoves-780x439-1-780x439-1-300x169.png 300w, https:\/\/radiojehona.mk\/wp-content\/uploads\/2025\/05\/spitali-i-kumanoves-780x439-1-780x439-1-768x432.png 768w\" sizes=\"(max-width: 780px) 100vw, 780px\" \/><\/figure>\n\n\n\n<p>SPB Kumanov\u00eb ngriti kall\u00ebzim penal kund\u00ebr F.A. nga Kumanova p\u00ebr shkak t\u00eb dyshimit p\u00ebr kryerjen e vepr\u00ebs penale \u201ckeqp\u00ebrdorim i detyr\u00ebs dhe autoritetit zyrtar\u201d.<\/p>\n\n\n\n<p>\u201cI dyshuari \u2013 si drejtor i Institucionit Publik Sh\u00ebndet\u00ebsor \u201cSht\u00ebpia e Sh\u00ebndetit\u201d \u2013 Kumanov\u00eb, n\u00eb periudh\u00ebn nga viti 2020 deri n\u00eb vitin 2024, ka lidhur kontrata t\u00eb paligjshme pun\u00ebsimi dhe ka pun\u00ebsuar persona n\u00eb institucion pa miratimin paraprak nga Ministria e Sh\u00ebndet\u00ebsis\u00eb, dhe m\u00eb pas, pa marr\u00eb p\u00eblqimin nga Ministria e Financave, ka pun\u00ebsuar n\u00eb m\u00ebnyr\u00eb t\u00eb paligjshme gjithsej 127 persona, duke vepruar n\u00eb kund\u00ebrshtim me Ligjin p\u00ebr Marr\u00ebdh\u00ebniet e Pun\u00ebs dhe n\u00eb kund\u00ebrshtim me Ligjin p\u00ebr Transformim n\u00eb Pun\u00ebsim t\u00eb Rregullt, t\u00eb p\u00ebrcaktuar nga Inspektorati Shtet\u00ebror i Pun\u00ebs. Atyre personave, i dyshuari n\u00eb m\u00ebnyr\u00eb t\u00eb paligjshme u ka paguar paga n\u00eb shum\u00eb prej 21.594.510 denar\u00eb dhe p\u00ebr at\u00eb shum\u00eb e ka d\u00ebmtuar buxhetin e ISHP-s\u00eb \u201cSht\u00ebpia e Sh\u00ebndetit\u201d, thon\u00eb nga MPB.<\/p>\n","protected":false},"excerpt":{"rendered":"<p>SPB Kumanov&euml; ngriti kall&euml;zim penal kund&euml;r F.A. nga Kumanova p&euml;r shkak t&euml; dyshimit p&euml;r kryerjen e vepr&euml;s penale &ldquo;keqp&euml;rdorim i detyr&euml;s dhe autoritetit zyrtar&rdquo;. &ldquo;I dyshuari &ndash; si drejtor i Institucionit Publik Sh&euml;ndet&euml;sor &ldquo;Sht&euml;pia e Sh&euml;ndetit&rdquo; &ndash; Kumanov&euml;, n&euml; periudh&euml;n nga viti 2020 deri n&euml; vitin 2024, ka lidhur kontrata t&euml; paligjshme pun&euml;simi dhe ka [&hellip;]<\/p>\n","protected":false},"author":2,"featured_media":42327,"comment_status":"open","ping_status":"closed","sticky":false,"template":"","format":"standard","meta":{"_monsterinsights_skip_tracking":false,"_monsterinsights_sitenote_active":false,"_monsterinsights_sitenote_note":"","_monsterinsights_sitenote_category":0,"footnotes":""},"categories":[1],"tags":[],"class_list":["post-42326","post","type-post","status-publish","format-standard","has-post-thumbnail","hentry","category-vendi"],"_links":{"self":[{"href":"https:\/\/radiojehona.mk\/index.php?rest_route=\/wp\/v2\/posts\/42326","targetHints":{"allow":["GET"]}}],"collection":[{"href":"https:\/\/radiojehona.mk\/index.php?rest_route=\/wp\/v2\/posts"}],"about":[{"href":"https:\/\/radiojehona.mk\/index.php?rest_route=\/wp\/v2\/types\/post"}],"author":[{"embeddable":true,"href":"https:\/\/radiojehona.mk\/index.php?rest_route=\/wp\/v2\/users\/2"}],"replies":[{"embeddable":true,"href":"https:\/\/radiojehona.mk\/index.php?rest_route=%2Fwp%2Fv2%2Fcomments&post=42326"}],"version-history":[{"count":1,"href":"https:\/\/radiojehona.mk\/index.php?rest_route=\/wp\/v2\/posts\/42326\/revisions"}],"predecessor-version":[{"id":42328,"href":"https:\/\/radiojehona.mk\/index.php?rest_route=\/wp\/v2\/posts\/42326\/revisions\/42328"}],"wp:featuredmedia":[{"embeddable":true,"href":"https:\/\/radiojehona.mk\/index.php?rest_route=\/wp\/v2\/media\/42327"}],"wp:attachment":[{"href":"https:\/\/radiojehona.mk\/index.php?rest_route=%2Fwp%2Fv2%2Fmedia&parent=42326"}],"wp:term":[{"taxonomy":"category","embeddable":true,"href":"https:\/\/radiojehona.mk\/index.php?rest_route=%2Fwp%2Fv2%2Fcategories&post=42326"},{"taxonomy":"post_tag","embeddable":true,"href":"https:\/\/radiojehona.mk\/index.php?rest_route=%2Fwp%2Fv2%2Ftags&post=42326"}],"curies":[{"name":"wp","href":"https:\/\/api.w.org\/{rel}","templated":true}]}}