{"id":42322,"date":"2025-05-06T13:23:01","date_gmt":"2025-05-06T13:23:01","guid":{"rendered":"https:\/\/radiojehona.com\/?p=42322"},"modified":"2025-05-06T13:23:02","modified_gmt":"2025-05-06T13:23:02","slug":"rriten-cmimet-e-sherbimeve-hotelierike","status":"publish","type":"post","link":"https:\/\/radiojehona.mk\/?p=42322","title":{"rendered":"Rriten \u00e7mimet e sh\u00ebrbimeve hotelierike"},"content":{"rendered":"\n<figure class=\"wp-block-image size-full\"><img fetchpriority=\"high\" decoding=\"async\" width=\"612\" height=\"408\" src=\"https:\/\/radiojehona.com\/wp-content\/uploads\/2025\/05\/istockphoto-1397739237-612x612-1.jpg\" alt=\"\" class=\"wp-image-42323\" srcset=\"https:\/\/radiojehona.mk\/wp-content\/uploads\/2025\/05\/istockphoto-1397739237-612x612-1.jpg 612w, https:\/\/radiojehona.mk\/wp-content\/uploads\/2025\/05\/istockphoto-1397739237-612x612-1-300x200.jpg 300w\" sizes=\"(max-width: 612px) 100vw, 612px\" \/><\/figure>\n\n\n\n<p><strong>Enti Shtet\u00ebror p\u00ebr Statistika njofton se n\u00eb muajin prill jan\u00eb rritur p\u00ebr 0.1% \u00e7mimet e sh\u00ebrbimeve hotelerike<\/strong><\/p>\n\n\n\n<p>\u201c\u00c7mimet e sh\u00ebrbimeve t\u00eb ushqimit n\u00eb prill t\u00eb k\u00ebtij viti u rrit\u00ebn me 0.1 p\u00ebr qind krahasuar me muajin paraprak dhe me 4.4 p\u00ebr qind krahasuar me prillin e vitit t\u00eb kaluar.<\/p>\n\n\n\n<p>Analizuar sipas grupeve, \u00e7mimet n\u00eb sh\u00ebrbimin e ushqimit, n\u00eb prill 2025 krahasuar me marsin 2025, u rrit\u00ebn me 0,2 p\u00ebrqind n\u00eb kategorin\u00eb Ushqime, me 0,1 p\u00ebrqind n\u00eb kategorin\u00eb Pije Alkoolike dhe me 0,1 p\u00ebrqind n\u00eb kategorin\u00eb Pije Joalkoolike. Nuk u vu re ndryshim \u00e7mimi n\u00eb grupin e q\u00ebndrimeve me nat\u00eb.<\/p>\n\n\n\n<p>Enti Shtet\u00ebror i Statistik\u00ebs njoftoi se indeksi kumulativ i \u00e7mimeve t\u00eb sh\u00ebrbimeve t\u00eb hoteleris\u00eb n\u00eb periudh\u00ebn janar \u2013 prill t\u00eb k\u00ebtij viti krahasuar me t\u00eb nj\u00ebjt\u00ebn periudh\u00eb t\u00eb vitit t\u00eb kaluar \u00ebsht\u00eb 105.8, nd\u00ebrsa krahasuar me dhjetorin e vitit 2024 \u00ebsht\u00eb 101.0.<\/p>\n","protected":false},"excerpt":{"rendered":"<p>Enti Shtet&euml;ror p&euml;r Statistika njofton se n&euml; muajin prill jan&euml; rritur p&euml;r 0.1% &ccedil;mimet e sh&euml;rbimeve hotelerike &ldquo;&Ccedil;mimet e sh&euml;rbimeve t&euml; ushqimit n&euml; prill t&euml; k&euml;tij viti u rrit&euml;n me 0.1 p&euml;r qind krahasuar me muajin paraprak dhe me 4.4 p&euml;r qind krahasuar me prillin e vitit t&euml; kaluar. Analizuar sipas grupeve, &ccedil;mimet n&euml; sh&euml;rbimin [&hellip;]<\/p>\n","protected":false},"author":2,"featured_media":42323,"comment_status":"open","ping_status":"closed","sticky":false,"template":"","format":"standard","meta":{"_monsterinsights_skip_tracking":false,"_monsterinsights_sitenote_active":false,"_monsterinsights_sitenote_note":"","_monsterinsights_sitenote_category":0,"footnotes":""},"categories":[1],"tags":[],"class_list":["post-42322","post","type-post","status-publish","format-standard","has-post-thumbnail","hentry","category-vendi"],"_links":{"self":[{"href":"https:\/\/radiojehona.mk\/index.php?rest_route=\/wp\/v2\/posts\/42322","targetHints":{"allow":["GET"]}}],"collection":[{"href":"https:\/\/radiojehona.mk\/index.php?rest_route=\/wp\/v2\/posts"}],"about":[{"href":"https:\/\/radiojehona.mk\/index.php?rest_route=\/wp\/v2\/types\/post"}],"author":[{"embeddable":true,"href":"https:\/\/radiojehona.mk\/index.php?rest_route=\/wp\/v2\/users\/2"}],"replies":[{"embeddable":true,"href":"https:\/\/radiojehona.mk\/index.php?rest_route=%2Fwp%2Fv2%2Fcomments&post=42322"}],"version-history":[{"count":2,"href":"https:\/\/radiojehona.mk\/index.php?rest_route=\/wp\/v2\/posts\/42322\/revisions"}],"predecessor-version":[{"id":42325,"href":"https:\/\/radiojehona.mk\/index.php?rest_route=\/wp\/v2\/posts\/42322\/revisions\/42325"}],"wp:featuredmedia":[{"embeddable":true,"href":"https:\/\/radiojehona.mk\/index.php?rest_route=\/wp\/v2\/media\/42323"}],"wp:attachment":[{"href":"https:\/\/radiojehona.mk\/index.php?rest_route=%2Fwp%2Fv2%2Fmedia&parent=42322"}],"wp:term":[{"taxonomy":"category","embeddable":true,"href":"https:\/\/radiojehona.mk\/index.php?rest_route=%2Fwp%2Fv2%2Fcategories&post=42322"},{"taxonomy":"post_tag","embeddable":true,"href":"https:\/\/radiojehona.mk\/index.php?rest_route=%2Fwp%2Fv2%2Ftags&post=42322"}],"curies":[{"name":"wp","href":"https:\/\/api.w.org\/{rel}","templated":true}]}}