{"id":42319,"date":"2025-05-06T13:22:06","date_gmt":"2025-05-06T13:22:06","guid":{"rendered":"https:\/\/radiojehona.com\/?p=42319"},"modified":"2025-05-06T13:22:08","modified_gmt":"2025-05-06T13:22:08","slug":"ademi-shumica-parlamentare-po-perpiqet-ti-heqe-statusin-e-personit-juridik-inspektoratit-per-perdorimin-e-gjuheve","status":"publish","type":"post","link":"https:\/\/radiojehona.mk\/?p=42319","title":{"rendered":"Ademi: Shumica parlamentare po p\u00ebrpiqet t\u2019i heq\u00eb statusin e personit juridik Inspektoratit p\u00ebr P\u00ebrdorimin e Gjuh\u00ebve"},"content":{"rendered":"\n<figure class=\"wp-block-image size-full\"><img fetchpriority=\"high\" decoding=\"async\" width=\"800\" height=\"533\" src=\"https:\/\/radiojehona.com\/wp-content\/uploads\/2025\/05\/arber-ademi.jpeg\" alt=\"\" class=\"wp-image-42320\" srcset=\"https:\/\/radiojehona.mk\/wp-content\/uploads\/2025\/05\/arber-ademi.jpeg 800w, https:\/\/radiojehona.mk\/wp-content\/uploads\/2025\/05\/arber-ademi-300x200.jpeg 300w, https:\/\/radiojehona.mk\/wp-content\/uploads\/2025\/05\/arber-ademi-768x512.jpeg 768w\" sizes=\"(max-width: 800px) 100vw, 800px\" \/><\/figure>\n\n\n\n<p>Deputeti i BDI-s\u00eb, Arb\u00ebr Ademi akuzon qeverin\u00eb se po tenton q\u00eb p\u00ebrmes ndryshimeve ligjore t\u2019i heq\u00eb statusin juridik Inspektoratit p\u00ebr P\u00ebrdorimin e Gjuh\u00ebve.<\/p>\n\n\n\n<p>\u201cShumica parlamentare tani po e godet drejtp\u00ebrdrejt Inspektoratin p\u00ebr P\u00ebrdorimin e Gjuh\u00ebve, p\u00ebrmes ndryshimeve t\u00eb reja n\u00eb ligj, madje me procedur\u00eb t\u00eb shkurtuar, duke tentuar t\u2019i heq\u00eb statusin e personit juridik dhe ta shnd\u00ebrroj\u00eb n\u00eb nj\u00eb zgjatim politik t\u00eb Ministris\u00eb s\u00eb Drejt\u00ebsis\u00eb.<\/p>\n\n\n\n<p>Kjo nuk \u00ebsht\u00eb hera e par\u00eb q\u00eb tentohet kjo rrug\u00eb. E provuan m\u00eb her\u00ebt p\u00ebrmes ndryshimeve n\u00eb Ligjin p\u00ebr Mbik\u00ebqyrjen Inspektuese, por d\u00ebshtuan, sepse ligji special ka p\u00ebrpar\u00ebsi ndaj ligjit t\u00eb p\u00ebrgjithsh\u00ebm. E tham\u00eb at\u00ebher\u00eb dhe e p\u00ebrs\u00ebrisim tani: ky institucion nuk mund t\u00eb n\u00ebnshtrohet politikisht, sepse \u00ebsht\u00eb i mbrojtur me ligje t\u00eb ve\u00e7anta.<\/p>\n\n\n\n<p>Nd\u00ebrkoh\u00eb, Inspektorati \u00ebsht\u00eb bllokuar plot\u00ebsisht. Punonj\u00ebsit nuk kan\u00eb marr\u00eb paga prej m\u00eb shum\u00eb se kat\u00ebr muajsh.<\/p>\n\n\n\n<p>Institucioni \u00ebsht\u00eb paralizuar, dhe kjo \u00ebsht\u00eb pasqyra m\u00eb e qart\u00eb e qasjes s\u00eb k\u00ebsaj qeverie ndaj gjuh\u00ebs shqipe dhe themeleve t\u00eb Marr\u00ebveshjes s\u00eb Ohrit\u201d, shkruan Ademi n\u00eb profilin e tij n\u00eb Facebook.<\/p>\n","protected":false},"excerpt":{"rendered":"<p>Deputeti i BDI-s&euml;, Arb&euml;r Ademi akuzon qeverin&euml; se po tenton q&euml; p&euml;rmes ndryshimeve ligjore t&rsquo;i heq&euml; statusin juridik Inspektoratit p&euml;r P&euml;rdorimin e Gjuh&euml;ve. &ldquo;Shumica parlamentare tani po e godet drejtp&euml;rdrejt Inspektoratin p&euml;r P&euml;rdorimin e Gjuh&euml;ve, p&euml;rmes ndryshimeve t&euml; reja n&euml; ligj, madje me procedur&euml; t&euml; shkurtuar, duke tentuar t&rsquo;i heq&euml; statusin e personit juridik dhe [&hellip;]<\/p>\n","protected":false},"author":2,"featured_media":42320,"comment_status":"open","ping_status":"closed","sticky":false,"template":"","format":"standard","meta":{"_monsterinsights_skip_tracking":false,"_monsterinsights_sitenote_active":false,"_monsterinsights_sitenote_note":"","_monsterinsights_sitenote_category":0,"footnotes":""},"categories":[1],"tags":[],"class_list":["post-42319","post","type-post","status-publish","format-standard","has-post-thumbnail","hentry","category-vendi"],"_links":{"self":[{"href":"https:\/\/radiojehona.mk\/index.php?rest_route=\/wp\/v2\/posts\/42319","targetHints":{"allow":["GET"]}}],"collection":[{"href":"https:\/\/radiojehona.mk\/index.php?rest_route=\/wp\/v2\/posts"}],"about":[{"href":"https:\/\/radiojehona.mk\/index.php?rest_route=\/wp\/v2\/types\/post"}],"author":[{"embeddable":true,"href":"https:\/\/radiojehona.mk\/index.php?rest_route=\/wp\/v2\/users\/2"}],"replies":[{"embeddable":true,"href":"https:\/\/radiojehona.mk\/index.php?rest_route=%2Fwp%2Fv2%2Fcomments&post=42319"}],"version-history":[{"count":1,"href":"https:\/\/radiojehona.mk\/index.php?rest_route=\/wp\/v2\/posts\/42319\/revisions"}],"predecessor-version":[{"id":42321,"href":"https:\/\/radiojehona.mk\/index.php?rest_route=\/wp\/v2\/posts\/42319\/revisions\/42321"}],"wp:featuredmedia":[{"embeddable":true,"href":"https:\/\/radiojehona.mk\/index.php?rest_route=\/wp\/v2\/media\/42320"}],"wp:attachment":[{"href":"https:\/\/radiojehona.mk\/index.php?rest_route=%2Fwp%2Fv2%2Fmedia&parent=42319"}],"wp:term":[{"taxonomy":"category","embeddable":true,"href":"https:\/\/radiojehona.mk\/index.php?rest_route=%2Fwp%2Fv2%2Fcategories&post=42319"},{"taxonomy":"post_tag","embeddable":true,"href":"https:\/\/radiojehona.mk\/index.php?rest_route=%2Fwp%2Fv2%2Ftags&post=42319"}],"curies":[{"name":"wp","href":"https:\/\/api.w.org\/{rel}","templated":true}]}}