{"id":42312,"date":"2025-05-04T07:21:12","date_gmt":"2025-05-04T07:21:12","guid":{"rendered":"https:\/\/radiojehona.com\/?p=42312"},"modified":"2025-05-04T07:21:12","modified_gmt":"2025-05-04T07:21:12","slug":"zbulohet-nje-zone-e-trurit-qe-rregullon-perceptimin-e-vetedijshem","status":"publish","type":"post","link":"https:\/\/radiojehona.mk\/?p=42312","title":{"rendered":"Zbulohet nj\u00eb zon\u00eb e trurit q\u00eb rregullon perceptimin e vet\u00ebdijsh\u00ebm"},"content":{"rendered":"\n<figure class=\"wp-block-image size-full\"><img fetchpriority=\"high\" decoding=\"async\" width=\"850\" height=\"436\" src=\"https:\/\/radiojehona.com\/wp-content\/uploads\/2025\/05\/auto_skklss41746308475.jpg\" alt=\"\" class=\"wp-image-42313\" srcset=\"https:\/\/radiojehona.mk\/wp-content\/uploads\/2025\/05\/auto_skklss41746308475.jpg 850w, https:\/\/radiojehona.mk\/wp-content\/uploads\/2025\/05\/auto_skklss41746308475-300x154.jpg 300w, https:\/\/radiojehona.mk\/wp-content\/uploads\/2025\/05\/auto_skklss41746308475-768x394.jpg 768w\" sizes=\"(max-width: 850px) 100vw, 850px\" \/><\/figure>\n\n\n\n<p>Nj\u00eb ekip shkenc\u00ebtar\u00ebsh ka identifikuar zona n\u00eb tru q\u00eb aktivizohen kur nj\u00eb person b\u00ebhet i vet\u00ebdijsh\u00ebm p\u00ebr veten dhe mendimet e tij.Ky proces enigmatik duket se kontrollohet nga \u201ctalamusi\u201d, nj\u00eb rajon qendror i trurit i njohur tashm\u00eb p\u00ebr funksionin e tij si nj\u00eb \u201cfilt\u00ebr\u201d midis sinjaleve ndijore dhe korteksit cerebral.<\/p>\n\n\n\n<p>Perceptimi i vet\u00ebdijsh\u00ebm \u00ebsht\u00eb aft\u00ebsia e njer\u00ebzve p\u00ebr t\u00eb perceptuar stimujt e marr\u00eb nga shqisat e tyre. \u00cbsht\u00eb nj\u00eb gjendje e ndryshme nga thjesht t\u00eb qenit zgjuar, ku ndjesit\u00eb p\u00ebrpunohen automatikisht. Gjithashtu, perceptimi i vet\u00ebdijsh\u00ebm k\u00ebrkon nj\u00eb analiz\u00eb t\u00eb detajuar dhe vullnetare t\u00eb stimujve t\u00eb jasht\u00ebm.<\/p>\n\n\n\n<p>P\u00ebr shembull, ne mund t\u00eb marrim frym\u00eb automatikisht, por gjithashtu mund t\u00eb jemi t\u00eb vet\u00ebdijsh\u00ebm p\u00ebr frym\u00ebmarrjen ton\u00eb dhe t\u00eb modifikojm\u00eb ritmin e saj. N\u00eb m\u00ebnyr\u00eb t\u00eb ngjashme, kur d\u00ebgjojm\u00eb nj\u00eb k\u00ebng\u00eb, mund t\u2019i kushtojm\u00eb v\u00ebmendje dhe t\u00eb dallojm\u00eb instrumentet muzikore q\u00eb e p\u00ebrb\u00ebjn\u00eb at\u00eb.<\/p>\n\n\n\n<figure class=\"wp-block-image\"><img decoding=\"async\" src=\"https:\/\/ads.botasot.info\/delivery\/lg.php?bannerid=0&amp;campaignid=0&amp;zoneid=123&amp;loc=https%3A%2F%2Fwww.botasot.info%2Fshendetesia%2F2334182%2Fzbulohet-nje-zone-e-trurit-qe-rregullon-perceptimin-e-vetedijshem%2F&amp;referer=https%3A%2F%2Ffax.al%2F&amp;cb=5a1503a503\" alt=\"\"\/><\/figure>\n\n\n\n<p>Koh\u00ebt e fundit, neurolog\u00ebt kan\u00eb filluar t\u00eb k\u00ebrkojn\u00eb pjes\u00ebn e trurit ku ndodh ky ndryshim n\u00eb perceptim. Studiuesit tradicionalisht kan\u00eb dyshuar se nj\u00eb funksion i till\u00eb duhet t\u00eb kontrollohet nga korteksi cerebral, sepse aty ndodh p\u00ebrpunimi i avancuar i informacionit n\u00eb tru.<\/p>\n\n\n\n<p>\u201cTalamusi\u201d nuk \u00ebsht\u00eb p\u00ebrjashtuar kurr\u00eb nga pjes\u00ebmarrja n\u00eb perceptimin e vet\u00ebdijsh\u00ebm, megjithat\u00eb zakonisht i \u00ebsht\u00eb caktuar nj\u00eb rol dyt\u00ebsor si nj\u00eb \u201cfilt\u00ebr\u201d q\u00eb p\u00ebrgatit informacionin shqisor p\u00ebr korteksin. Nj\u00eb studim i ri i botuar s\u00eb fundmi n\u00eb Science e rip\u00ebrcakton k\u00ebt\u00eb pik\u00ebpamje, duke e vendosur \u201ctalamusin\u201d si nj\u00eb pjes\u00ebmarr\u00ebs aktiv n\u00eb perceptimin e vet\u00ebdijsh\u00ebm.<\/p>\n","protected":false},"excerpt":{"rendered":"<p>Nj&euml; ekip shkenc&euml;tar&euml;sh ka identifikuar zona n&euml; tru q&euml; aktivizohen kur nj&euml; person b&euml;het i vet&euml;dijsh&euml;m p&euml;r veten dhe mendimet e tij.Ky proces enigmatik duket se kontrollohet nga &ldquo;talamusi&rdquo;, nj&euml; rajon qendror i trurit i njohur tashm&euml; p&euml;r funksionin e tij si nj&euml; &ldquo;filt&euml;r&rdquo; midis sinjaleve ndijore dhe korteksit cerebral. Perceptimi i vet&euml;dijsh&euml;m &euml;sht&euml; aft&euml;sia [&hellip;]<\/p>\n","protected":false},"author":2,"featured_media":42313,"comment_status":"open","ping_status":"closed","sticky":false,"template":"","format":"standard","meta":{"_monsterinsights_skip_tracking":false,"_monsterinsights_sitenote_active":false,"_monsterinsights_sitenote_note":"","_monsterinsights_sitenote_category":0,"footnotes":""},"categories":[572],"tags":[],"class_list":["post-42312","post","type-post","status-publish","format-standard","has-post-thumbnail","hentry","category-shendeti"],"_links":{"self":[{"href":"https:\/\/radiojehona.mk\/index.php?rest_route=\/wp\/v2\/posts\/42312","targetHints":{"allow":["GET"]}}],"collection":[{"href":"https:\/\/radiojehona.mk\/index.php?rest_route=\/wp\/v2\/posts"}],"about":[{"href":"https:\/\/radiojehona.mk\/index.php?rest_route=\/wp\/v2\/types\/post"}],"author":[{"embeddable":true,"href":"https:\/\/radiojehona.mk\/index.php?rest_route=\/wp\/v2\/users\/2"}],"replies":[{"embeddable":true,"href":"https:\/\/radiojehona.mk\/index.php?rest_route=%2Fwp%2Fv2%2Fcomments&post=42312"}],"version-history":[{"count":2,"href":"https:\/\/radiojehona.mk\/index.php?rest_route=\/wp\/v2\/posts\/42312\/revisions"}],"predecessor-version":[{"id":42315,"href":"https:\/\/radiojehona.mk\/index.php?rest_route=\/wp\/v2\/posts\/42312\/revisions\/42315"}],"wp:featuredmedia":[{"embeddable":true,"href":"https:\/\/radiojehona.mk\/index.php?rest_route=\/wp\/v2\/media\/42313"}],"wp:attachment":[{"href":"https:\/\/radiojehona.mk\/index.php?rest_route=%2Fwp%2Fv2%2Fmedia&parent=42312"}],"wp:term":[{"taxonomy":"category","embeddable":true,"href":"https:\/\/radiojehona.mk\/index.php?rest_route=%2Fwp%2Fv2%2Fcategories&post=42312"},{"taxonomy":"post_tag","embeddable":true,"href":"https:\/\/radiojehona.mk\/index.php?rest_route=%2Fwp%2Fv2%2Ftags&post=42312"}],"curies":[{"name":"wp","href":"https:\/\/api.w.org\/{rel}","templated":true}]}}