{"id":42308,"date":"2025-05-03T07:37:08","date_gmt":"2025-05-03T07:37:08","guid":{"rendered":"https:\/\/radiojehona.com\/?p=42308"},"modified":"2025-05-03T07:37:09","modified_gmt":"2025-05-03T07:37:09","slug":"sllupcan-perkujtohet-2-maji-karadaku-zone-e-lire","status":"publish","type":"post","link":"https:\/\/radiojehona.mk\/?p=42308","title":{"rendered":"Sllup\u00e7an, p\u00ebrkujtohet 2 maji \u2013 Karadaku \u201czon\u00eb e lir\u00eb\u201d"},"content":{"rendered":"\n<figure class=\"wp-block-image size-large\"><img fetchpriority=\"high\" decoding=\"async\" width=\"1024\" height=\"541\" src=\"https:\/\/radiojehona.com\/wp-content\/uploads\/2025\/05\/IMG_1487-1024x541.jpeg\" alt=\"\" class=\"wp-image-42309\" srcset=\"https:\/\/radiojehona.mk\/wp-content\/uploads\/2025\/05\/IMG_1487-1024x541.jpeg 1024w, https:\/\/radiojehona.mk\/wp-content\/uploads\/2025\/05\/IMG_1487-300x158.jpeg 300w, https:\/\/radiojehona.mk\/wp-content\/uploads\/2025\/05\/IMG_1487-768x406.jpeg 768w, https:\/\/radiojehona.mk\/wp-content\/uploads\/2025\/05\/IMG_1487.jpeg 1125w\" sizes=\"(max-width: 1024px) 100vw, 1024px\" \/><\/figure>\n\n\n\n<p>Me aktivitete t\u00eb shumta n\u00eb fshatin Sllup\u00e7an t\u00eb komun\u00ebs s\u00eb Likov\u00ebs u sh\u00ebnua 2 Maji \u2013 24 vjetori\u2026<\/p>\n\n\n\n<p>Me aktivitete t\u00eb shumta n\u00eb fshatin Sllup\u00e7an t\u00eb komun\u00ebs s\u00eb Likov\u00ebs u sh\u00ebnua 2 Maji \u2013 24 vjetori i fillimit t\u00eb luft\u00ebs s\u00eb U\u00c7K-s\u00eb dhe shpalljes s\u00eb zon\u00ebs s\u00eb lir\u00eb t\u00eb Karadakut.<\/p>\n\n\n\n<p>Manifestimi qendror u mbajt si tradicionalisht n\u00eb kompleksin e d\u00ebshmor\u00ebve n\u00eb fshatin Sllup\u00e7an, ku mor\u00ebn pjes\u00eb ish-luft\u00ebtar\u00eb t\u00eb U\u00c7K-s\u00eb, veteran t\u00eb luft\u00ebs, familjar\u00eb t\u00eb d\u00ebshmor\u00ebve t\u00eb r\u00ebn\u00eb n\u00eb altarin e liris\u00eb, si dhe mysafir\u00eb t\u00eb shumt\u00eb. Para t\u00eb pranishm\u00ebve u p\u00ebrkujtua lufta e vitit 2001 dhe dobit\u00eb e saj p\u00ebr popullin shqiptar, pa u harruar ushtar\u00ebt dhe d\u00ebshmor\u00ebt q\u00eb flijuan jet\u00ebn e tyre.<\/p>\n\n\n\n<p>\u201cSot m\u00eb dy maj,p\u00ebrulemi me nderim dhe krenari p\u00ebr sakrific\u00ebn e bijave dhe bijt\u00eb e ton\u00eb q\u00eb dhan\u00eb jet\u00ebn p\u00ebr liri\u201d, u shpreh ish-ushtar i U\u00c7K-s\u00eb, babai i Neale Zimberit, Ibrahim Zimberi.<\/p>\n\n\n\n<p>\u201cTa festojm\u00eb edhe p\u00ebr shum\u00eb vite fest\u00ebn e 2 majit me krenari dhe t\u00eb q\u00ebndrojm\u00eb t\u00eb gjith\u00eb t\u00eb bashkuar.Lavdi d\u00ebshmor\u00ebve t\u00eb kombit! I p\u00ebrjetsh\u00ebm qoft\u00eb kujtimi p\u00ebr ta!\u201d, theksoi familjari i d\u00ebshmorit, Ramiz Demiri, Orhan Demiri.<\/p>\n\n\n\n<p>\u201c2 Maji nuk \u00ebsht\u00eb nj\u00eb dit\u00eb e zakonshme n\u00eb kalendarin\u00eb ton\u00eb komb\u00ebtar\u00eb.\u00cbsht\u00eb nj\u00eb dat\u00eb q\u00eb flet me z\u00eb t\u00eb lart\u00eb p\u00ebr sakrific\u00ebn p\u00ebr q\u00ebndres\u00ebn dhe p\u00ebr idealin m\u00eb t\u00eb lart\u00eb t\u00eb njeriut e cila \u00ebsht\u00eb lira\u201d, u shpreh nipi i d\u00ebshmorit, Qemal Shaqiri, Qemal Shaqiri.<\/p>\n\n\n\n<p>Fjalim mbajti edhe kryetari i BDI-s\u00eb, Ali Ahmeti.<\/p>\n\n\n\n<p>\u201cK\u00ebto ngjarje p\u00ebrkujtohen, q\u00eb e kaluara t\u00eb mos harrohet.K\u00ebto ngjarje p\u00ebrkujtohen p\u00ebr t\u2019ua p\u00ebrkujtuar t\u00eb gjith\u00eb atyre q\u00eb duan t\u00eb c\u00ebnojn\u00eb dhe t\u00eb rrezikojn\u00eb lirit\u00eb tona t\u00eb fituara me gjak dhe jo t\u00eb dh\u00ebna dhurat nga dikush\u201d, theksoi kryetar i BDI-s\u00eb, Ali Ahmeti.<\/p>\n\n\n\n<p>Nga koalicioni shqiptar n\u00eb Qeveri VLEN thon\u00eb se kjo dat\u00eb \u00ebsht\u00eb nj\u00eb amanet, q\u00eb rikujton brezat e rinj p\u00ebr gjakun e derdhur.<\/p>\n\n\n\n<p>\u201cData 2 Maj \u00ebsht\u00eb m\u00eb shum\u00eb se nj\u00eb p\u00ebrvjetor, \u00ebsht\u00eb nj\u00eb amanet. \u00cbsht\u00eb dita q\u00eb i rikujton brezave t\u00eb rinj p\u00ebr gjakun e derdhur, p\u00ebr n\u00ebnat q\u00eb dhan\u00eb djemt\u00eb e tyre p\u00ebr barazi e drejt\u00ebsi, p\u00ebr d\u00ebshmor\u00ebt q\u00eb lan\u00eb pas emrin e tyre t\u00eb shkruar n\u00eb pllakatat e p\u00ebrjet\u00ebsis\u00eb\u201d, than\u00eb mes tjerash nga VLEN.<\/p>\n\n\n\n<p>N\u00eb kuad\u00ebr t\u00eb sh\u00ebnimit t\u00eb 2 Majit u b\u00ebn\u00eb homazhe p\u00ebr t\u00eb gjith\u00eb martir\u00ebt e r\u00ebn\u00eb.<\/p>\n","protected":false},"excerpt":{"rendered":"<p>Me aktivitete t&euml; shumta n&euml; fshatin Sllup&ccedil;an t&euml; komun&euml;s s&euml; Likov&euml;s u sh&euml;nua 2 Maji &ndash; 24 vjetori&hellip; Me aktivitete t&euml; shumta n&euml; fshatin Sllup&ccedil;an t&euml; komun&euml;s s&euml; Likov&euml;s u sh&euml;nua 2 Maji &ndash; 24 vjetori i fillimit t&euml; luft&euml;s s&euml; U&Ccedil;K-s&euml; dhe shpalljes s&euml; zon&euml;s s&euml; lir&euml; t&euml; Karadakut. Manifestimi qendror u mbajt si [&hellip;]<\/p>\n","protected":false},"author":2,"featured_media":42309,"comment_status":"open","ping_status":"closed","sticky":false,"template":"","format":"standard","meta":{"_monsterinsights_skip_tracking":false,"_monsterinsights_sitenote_active":false,"_monsterinsights_sitenote_note":"","_monsterinsights_sitenote_category":0,"footnotes":""},"categories":[1],"tags":[],"class_list":["post-42308","post","type-post","status-publish","format-standard","has-post-thumbnail","hentry","category-vendi"],"_links":{"self":[{"href":"https:\/\/radiojehona.mk\/index.php?rest_route=\/wp\/v2\/posts\/42308","targetHints":{"allow":["GET"]}}],"collection":[{"href":"https:\/\/radiojehona.mk\/index.php?rest_route=\/wp\/v2\/posts"}],"about":[{"href":"https:\/\/radiojehona.mk\/index.php?rest_route=\/wp\/v2\/types\/post"}],"author":[{"embeddable":true,"href":"https:\/\/radiojehona.mk\/index.php?rest_route=\/wp\/v2\/users\/2"}],"replies":[{"embeddable":true,"href":"https:\/\/radiojehona.mk\/index.php?rest_route=%2Fwp%2Fv2%2Fcomments&post=42308"}],"version-history":[{"count":1,"href":"https:\/\/radiojehona.mk\/index.php?rest_route=\/wp\/v2\/posts\/42308\/revisions"}],"predecessor-version":[{"id":42310,"href":"https:\/\/radiojehona.mk\/index.php?rest_route=\/wp\/v2\/posts\/42308\/revisions\/42310"}],"wp:featuredmedia":[{"embeddable":true,"href":"https:\/\/radiojehona.mk\/index.php?rest_route=\/wp\/v2\/media\/42309"}],"wp:attachment":[{"href":"https:\/\/radiojehona.mk\/index.php?rest_route=%2Fwp%2Fv2%2Fmedia&parent=42308"}],"wp:term":[{"taxonomy":"category","embeddable":true,"href":"https:\/\/radiojehona.mk\/index.php?rest_route=%2Fwp%2Fv2%2Fcategories&post=42308"},{"taxonomy":"post_tag","embeddable":true,"href":"https:\/\/radiojehona.mk\/index.php?rest_route=%2Fwp%2Fv2%2Ftags&post=42308"}],"curies":[{"name":"wp","href":"https:\/\/api.w.org\/{rel}","templated":true}]}}