{"id":42305,"date":"2025-04-26T13:58:13","date_gmt":"2025-04-26T13:58:13","guid":{"rendered":"https:\/\/radiojehona.com\/?p=42305"},"modified":"2025-04-26T13:58:13","modified_gmt":"2025-04-26T13:58:13","slug":"i-jepet-lamtumira-e-fundit-papa-franceskut","status":"publish","type":"post","link":"https:\/\/radiojehona.mk\/?p=42305","title":{"rendered":"\u200bI jepet lamtumira e fundit Papa Fran\u00e7eskut"},"content":{"rendered":"\n<figure class=\"wp-block-image size-large\"><img fetchpriority=\"high\" decoding=\"async\" width=\"1024\" height=\"686\" src=\"https:\/\/radiojehona.com\/wp-content\/uploads\/2025\/04\/IMG_1394-1024x686.jpeg\" alt=\"\" class=\"wp-image-42306\" srcset=\"https:\/\/radiojehona.mk\/wp-content\/uploads\/2025\/04\/IMG_1394-1024x686.jpeg 1024w, https:\/\/radiojehona.mk\/wp-content\/uploads\/2025\/04\/IMG_1394-300x201.jpeg 300w, https:\/\/radiojehona.mk\/wp-content\/uploads\/2025\/04\/IMG_1394-768x515.jpeg 768w, https:\/\/radiojehona.mk\/wp-content\/uploads\/2025\/04\/IMG_1394.jpeg 1125w\" sizes=\"(max-width: 1024px) 100vw, 1024px\" \/><\/figure>\n\n\n\n<p>Lamtumira p\u00ebr Papa Fran\u00e7eskun, i cili vdiq t\u00eb h\u00ebn\u00ebn n\u00eb mosh\u00ebn 88 vje\u00e7, u zhvillua sot n\u00eb Sheshin e Sh\u00ebn Pjetrit.<\/p>\n\n\n\n<p>Papa \u00ebsht\u00eb varrosur n\u00eb Bazilik\u00ebn e Sh\u00ebn Maris\u00eb s\u00eb Madhe n\u00eb Rom\u00eb.<\/p>\n\n\n\n<p>N\u00eb mesh\u00eb ishin rreth 200 mij\u00eb njer\u00ebz. Ka disa qindra mij\u00ebra besimtar\u00eb t\u00eb tjer\u00eb n\u00eb t\u00eb gjith\u00eb Rom\u00ebn q\u00eb kan\u00eb ardhur p\u00ebr t\u00eb p\u00ebrsh\u00ebndetur Pap\u00ebn.<\/p>\n\n\n\n<p>N\u00eb ceremonin\u00eb mortore t\u00eb Pap\u00ebs kan\u00eb marr\u00eb pjes\u00eb edhe presidentja e Kosov\u00ebs Vjosa Osmani dhe kryeministri n\u00eb detyr\u00eb Albin Kurti.<\/p>\n\n\n\n<p><br>Santa Maria Maggiore, nj\u00eb bazilik\u00eb e nd\u00ebrtuar n\u00eb shekullin e kat\u00ebrt, ndodhet n\u00eb nj\u00eb nga shtat\u00eb kodrat e lashta t\u00eb Rom\u00ebs, n\u00eb lagjen Esquilino, e cila \u00ebsht\u00eb tani nj\u00eb nga zonat m\u00eb t\u00eb jetuara dhe multikulturore t\u00eb qytetit.<\/p>\n\n\n\n<p>N\u00eb nj\u00eb vendim t\u00eb jasht\u00ebzakonsh\u00ebm dhe t\u00eb papritur p\u00ebr pap\u00ebn, Fran\u00e7esku e ka zgjedhur k\u00ebt\u00eb bazilik\u00eb si vendin e tij t\u00eb varrimit. Pas vdekjes, arkivoli i tij i thjesht\u00eb do t\u00eb sh\u00ebrbej\u00eb si simbol i p\u00ebrkushtimit t\u00eb tij ndaj jet\u00ebs t\u00eb thjesht\u00eb dhe t\u00eb pandikuar nga lukset.<\/p>\n\n\n\n<p>Bazilika, q\u00eb \u00ebsht\u00eb gjithashtu vend i varrit t\u00eb skulptorit t\u00eb njohur Gian Lorenzo Bernini, ka pasur nj\u00eb rritje t\u00eb vizitor\u00ebve dhe pelegrin\u00ebve vitet e fundit, ve\u00e7an\u00ebrisht pas vdekjes s\u00eb pap\u00ebs.<\/p>\n\n\n\n<p>Me mozaik\u00ebt e saj t\u00eb mrekulluesh\u00ebm dhe kish\u00ebn e projektuar nga Michelangelo, Santa Maria Maggiore ofron nj\u00eb vend p\u00ebr meditimin dhe lutjen, duke shnd\u00ebrruar \u00e7do vizit\u00eb n\u00eb nj\u00eb p\u00ebrvoj\u00eb shpirt\u00ebrore t\u00eb paharrueshme.<\/p>\n","protected":false},"excerpt":{"rendered":"<p>Lamtumira p&euml;r Papa Fran&ccedil;eskun, i cili vdiq t&euml; h&euml;n&euml;n n&euml; mosh&euml;n 88 vje&ccedil;, u zhvillua sot n&euml; Sheshin e Sh&euml;n Pjetrit. Papa &euml;sht&euml; varrosur n&euml; Bazilik&euml;n e Sh&euml;n Maris&euml; s&euml; Madhe n&euml; Rom&euml;. N&euml; mesh&euml; ishin rreth 200 mij&euml; njer&euml;z. Ka disa qindra mij&euml;ra besimtar&euml; t&euml; tjer&euml; n&euml; t&euml; gjith&euml; Rom&euml;n q&euml; kan&euml; ardhur p&euml;r [&hellip;]<\/p>\n","protected":false},"author":2,"featured_media":42306,"comment_status":"open","ping_status":"closed","sticky":false,"template":"","format":"standard","meta":{"_monsterinsights_skip_tracking":false,"_monsterinsights_sitenote_active":false,"_monsterinsights_sitenote_note":"","_monsterinsights_sitenote_category":0,"footnotes":""},"categories":[569],"tags":[],"class_list":["post-42305","post","type-post","status-publish","format-standard","has-post-thumbnail","hentry","category-bota"],"_links":{"self":[{"href":"https:\/\/radiojehona.mk\/index.php?rest_route=\/wp\/v2\/posts\/42305","targetHints":{"allow":["GET"]}}],"collection":[{"href":"https:\/\/radiojehona.mk\/index.php?rest_route=\/wp\/v2\/posts"}],"about":[{"href":"https:\/\/radiojehona.mk\/index.php?rest_route=\/wp\/v2\/types\/post"}],"author":[{"embeddable":true,"href":"https:\/\/radiojehona.mk\/index.php?rest_route=\/wp\/v2\/users\/2"}],"replies":[{"embeddable":true,"href":"https:\/\/radiojehona.mk\/index.php?rest_route=%2Fwp%2Fv2%2Fcomments&post=42305"}],"version-history":[{"count":1,"href":"https:\/\/radiojehona.mk\/index.php?rest_route=\/wp\/v2\/posts\/42305\/revisions"}],"predecessor-version":[{"id":42307,"href":"https:\/\/radiojehona.mk\/index.php?rest_route=\/wp\/v2\/posts\/42305\/revisions\/42307"}],"wp:featuredmedia":[{"embeddable":true,"href":"https:\/\/radiojehona.mk\/index.php?rest_route=\/wp\/v2\/media\/42306"}],"wp:attachment":[{"href":"https:\/\/radiojehona.mk\/index.php?rest_route=%2Fwp%2Fv2%2Fmedia&parent=42305"}],"wp:term":[{"taxonomy":"category","embeddable":true,"href":"https:\/\/radiojehona.mk\/index.php?rest_route=%2Fwp%2Fv2%2Fcategories&post=42305"},{"taxonomy":"post_tag","embeddable":true,"href":"https:\/\/radiojehona.mk\/index.php?rest_route=%2Fwp%2Fv2%2Ftags&post=42305"}],"curies":[{"name":"wp","href":"https:\/\/api.w.org\/{rel}","templated":true}]}}