{"id":42301,"date":"2025-04-26T13:54:53","date_gmt":"2025-04-26T13:54:53","guid":{"rendered":"https:\/\/radiojehona.com\/?p=42301"},"modified":"2025-04-26T13:54:54","modified_gmt":"2025-04-26T13:54:54","slug":"vrasja-ne-duqanxhik-lsdm-kerkon-doreheqjen-e-toshkovskit","status":"publish","type":"post","link":"https:\/\/radiojehona.mk\/?p=42301","title":{"rendered":"Vrasja n\u00eb Duqanxhik, LSDM k\u00ebrkon dor\u00ebheqjen e Toshkovskit"},"content":{"rendered":"\n<figure class=\"wp-block-image size-large\"><img fetchpriority=\"high\" decoding=\"async\" width=\"1024\" height=\"624\" src=\"https:\/\/radiojehona.com\/wp-content\/uploads\/2025\/04\/IMG_1393-1024x624.jpeg\" alt=\"\" class=\"wp-image-42302\" srcset=\"https:\/\/radiojehona.mk\/wp-content\/uploads\/2025\/04\/IMG_1393-1024x624.jpeg 1024w, https:\/\/radiojehona.mk\/wp-content\/uploads\/2025\/04\/IMG_1393-300x183.jpeg 300w, https:\/\/radiojehona.mk\/wp-content\/uploads\/2025\/04\/IMG_1393-768x468.jpeg 768w, https:\/\/radiojehona.mk\/wp-content\/uploads\/2025\/04\/IMG_1393.jpeg 1125w\" sizes=\"(max-width: 1024px) 100vw, 1024px\" \/><\/figure>\n\n\n\n<p>LSDM-ja opozitare ka reaguar n\u00eb lidhje me vrasjen e djeshme n\u00eb af\u00ebrsi t\u00eb Stacionit Policor n\u00eb Bit Pazar. Sipas tyre, \u00ebsht\u00eb rr\u00ebnuar siguria e qytetar\u00ebve dhe sundon kaosi n\u00ebp\u00ebr rrug\u00ebt e qytetit. Simona Cvetanovska k\u00ebrkon q\u00eb ministri i Pun\u00ebve t\u00eb Brendshme t\u00eb jap\u00eb dor\u00ebheqje dhe t\u00eb fillojn\u00eb reforma p\u00ebrkat\u00ebse pasi qytetar\u00ebt nuk e meritojn\u00eb t\u00eb jetojn\u00eb n\u00eb frik\u00eb dhe ambient t\u00eb pasigurt.<\/p>\n\n\n\n<p>\u201cMinistria e Pun\u00ebve t\u00eb Brendshme n\u00ebn udh\u00ebheqjen e Pan\u00e7e Toshkovskit si asnj\u00ebher\u00eb m\u00eb par\u00eb \u00ebsht\u00eb gjunj\u00ebzuar deri n\u00eb shkall\u00ebn q\u00eb dje para Stacionit Policor, n\u00eb mes t\u00eb dit\u00ebs ka ndodhur edhe nj\u00eb p\u00ebrleshje mafioze. Para syve t\u00eb opinionit, n\u00eb oborrin e Stacionit Policor ndodhin p\u00ebrleshje t\u00eb p\u00ebrgjakshme me viktima dhe t\u00eb l\u00ebnduar. Kjo, \u00ebsht\u00eb shp\u00ebrb\u00ebrje e plot\u00eb e aparatit t\u00eb siguris\u00eb\u201d. 01:45 \u201cMjaft ishte Toshkovski, \u00ebsht\u00eb koha p\u00ebr dor\u00ebheqje. \u00cbsht\u00eb koha p\u00ebr p\u00ebrgjegj\u00ebsi. Ai \u00ebsht\u00eb hapi i par\u00eb p\u00ebr kthimin e siguris\u00eb n\u00eb rrug\u00eb, n\u00eb shtet. P\u00ebr kthimin e paqes dhe qet\u00ebsis\u00eb s\u00eb qytetar\u00ebve\u201d, tha Simona Cvetanovska, LSDM\/alsat.mk\/<\/p>\n\n\n\n<p><\/p>\n","protected":false},"excerpt":{"rendered":"<p>LSDM-ja opozitare ka reaguar n&euml; lidhje me vrasjen e djeshme n&euml; af&euml;rsi t&euml; Stacionit Policor n&euml; Bit Pazar. Sipas tyre, &euml;sht&euml; rr&euml;nuar siguria e qytetar&euml;ve dhe sundon kaosi n&euml;p&euml;r rrug&euml;t e qytetit. Simona Cvetanovska k&euml;rkon q&euml; ministri i Pun&euml;ve t&euml; Brendshme t&euml; jap&euml; dor&euml;heqje dhe t&euml; fillojn&euml; reforma p&euml;rkat&euml;se pasi qytetar&euml;t nuk e meritojn&euml; t&euml; [&hellip;]<\/p>\n","protected":false},"author":2,"featured_media":42302,"comment_status":"open","ping_status":"closed","sticky":false,"template":"","format":"standard","meta":{"_monsterinsights_skip_tracking":false,"_monsterinsights_sitenote_active":false,"_monsterinsights_sitenote_note":"","_monsterinsights_sitenote_category":0,"footnotes":""},"categories":[1],"tags":[],"class_list":["post-42301","post","type-post","status-publish","format-standard","has-post-thumbnail","hentry","category-vendi"],"_links":{"self":[{"href":"https:\/\/radiojehona.mk\/index.php?rest_route=\/wp\/v2\/posts\/42301","targetHints":{"allow":["GET"]}}],"collection":[{"href":"https:\/\/radiojehona.mk\/index.php?rest_route=\/wp\/v2\/posts"}],"about":[{"href":"https:\/\/radiojehona.mk\/index.php?rest_route=\/wp\/v2\/types\/post"}],"author":[{"embeddable":true,"href":"https:\/\/radiojehona.mk\/index.php?rest_route=\/wp\/v2\/users\/2"}],"replies":[{"embeddable":true,"href":"https:\/\/radiojehona.mk\/index.php?rest_route=%2Fwp%2Fv2%2Fcomments&post=42301"}],"version-history":[{"count":2,"href":"https:\/\/radiojehona.mk\/index.php?rest_route=\/wp\/v2\/posts\/42301\/revisions"}],"predecessor-version":[{"id":42304,"href":"https:\/\/radiojehona.mk\/index.php?rest_route=\/wp\/v2\/posts\/42301\/revisions\/42304"}],"wp:featuredmedia":[{"embeddable":true,"href":"https:\/\/radiojehona.mk\/index.php?rest_route=\/wp\/v2\/media\/42302"}],"wp:attachment":[{"href":"https:\/\/radiojehona.mk\/index.php?rest_route=%2Fwp%2Fv2%2Fmedia&parent=42301"}],"wp:term":[{"taxonomy":"category","embeddable":true,"href":"https:\/\/radiojehona.mk\/index.php?rest_route=%2Fwp%2Fv2%2Fcategories&post=42301"},{"taxonomy":"post_tag","embeddable":true,"href":"https:\/\/radiojehona.mk\/index.php?rest_route=%2Fwp%2Fv2%2Ftags&post=42301"}],"curies":[{"name":"wp","href":"https:\/\/api.w.org\/{rel}","templated":true}]}}