{"id":42298,"date":"2025-04-26T13:52:28","date_gmt":"2025-04-26T13:52:28","guid":{"rendered":"https:\/\/radiojehona.com\/?p=42298"},"modified":"2025-04-26T13:52:28","modified_gmt":"2025-04-26T13:52:28","slug":"ministri-andonoski-prezantoi-sherbimet-qe-mund-ti-marrin-qytetaret-ne-formen-online","status":"publish","type":"post","link":"https:\/\/radiojehona.mk\/?p=42298","title":{"rendered":"Ministri Andonoski prezantoi sh\u00ebrbimet q\u00eb mund t\u2019i marrin qytetar\u00ebt n\u00eb form\u00ebn online"},"content":{"rendered":"\n<figure class=\"wp-block-image size-large\"><img fetchpriority=\"high\" decoding=\"async\" width=\"1024\" height=\"724\" src=\"https:\/\/radiojehona.com\/wp-content\/uploads\/2025\/04\/IMG_1392-1024x724.jpeg\" alt=\"\" class=\"wp-image-42299\" srcset=\"https:\/\/radiojehona.mk\/wp-content\/uploads\/2025\/04\/IMG_1392-1024x724.jpeg 1024w, https:\/\/radiojehona.mk\/wp-content\/uploads\/2025\/04\/IMG_1392-300x212.jpeg 300w, https:\/\/radiojehona.mk\/wp-content\/uploads\/2025\/04\/IMG_1392-768x543.jpeg 768w, https:\/\/radiojehona.mk\/wp-content\/uploads\/2025\/04\/IMG_1392.jpeg 1125w\" sizes=\"(max-width: 1024px) 100vw, 1024px\" \/><\/figure>\n\n\n\n<p><em>V\u00ebrtetime p\u00ebr mosd\u00ebnueshm\u00ebri nga gjykatat themelore, gjegj\u00ebsisht Certifikat\u00ebn nga evidenca penale p\u00ebr persona fizik dhe Certifikat\u00ebn nga evidenca penale p\u00ebr persona juridike, nga tani do t\u00eb mund t\u00eb merren onlajn, p\u00ebrmes Portalit komb\u00ebtar p\u00ebr sh\u00ebrbime elektronike\u00a0<a href=\"https:\/\/uslugi.gov.mk\/\" target=\"_blank\" rel=\"noreferrer noopener\">uslugi.gov.mk<\/a><\/em><\/p>\n\n\n\n<p>\u201cKy \u00ebsht\u00eb hap i r\u00ebnd\u00ebsish\u00ebm drejt digjitalizimit t\u00eb sh\u00ebrbimeve m\u00eb t\u00eb r\u00ebnd\u00ebsishme p\u00ebr qytetar\u00ebt. N\u00eb Portalin komb\u00ebtar p\u00ebr sh\u00ebrbime elektronike nga sot jan\u00eb qas\u00ebse dy sh\u00ebrbime t\u00eb reja, t\u00eb shum\u00ebpritura nga gjykatat themelore\u201d, tha sot ministri i Transformimit Digjital,&nbsp;<strong>Stefan Andonovski<\/strong>.<\/p>\n\n\n\n<p>Ministri shtoi se b\u00ebhet fjal\u00eb p\u00ebr sh\u00ebrbimet vijuese m\u00eb t\u00eb p\u00ebrdorura nga gjykatat themelore, t\u00eb cil\u00ebt s\u00eb bashku me kompletimin e pakos s\u00eb v\u00ebrtetimeve gjyq\u00ebsore q\u00eb \u00e7do dit\u00eb u nevojiten qytetar\u00ebve dhe kompanive e p\u00ebrb\u00ebjn\u00eb pakon p\u00ebr mosd\u00ebnueshm\u00ebri.<\/p>\n\n\n\n<p>\u201cN\u00eb k\u00ebt\u00eb pako, tashm\u00eb jan\u00eb digjitalizuar edhe Certifikata p\u00ebr evidenc\u00eb nd\u00ebshkueshm\u00ebrie dhe Certifikata p\u00ebr ndales\u00eb t\u00eb shqiptuar p\u00ebr ushtrim t\u00eb profesionit, veprimtaris\u00eb ose detyr\u00ebs, b\u00ebhet fjal\u00eb p\u00ebr dokumente t\u00eb cil\u00ebt jan\u00eb shpesh t\u00eb nevojshme n\u00eb jet\u00ebn e p\u00ebrditshme -p\u00ebr pun\u00ebsim, aplikim p\u00ebr thirrje publike, procedura arsimore dhe shum\u00eb procedura t\u00eb tjera juridike dhe administrative\u201d, tha&nbsp;<strong>Andonovski<\/strong>.<\/p>\n","protected":false},"excerpt":{"rendered":"<p>V&euml;rtetime p&euml;r mosd&euml;nueshm&euml;ri nga gjykatat themelore, gjegj&euml;sisht Certifikat&euml;n nga evidenca penale p&euml;r persona fizik dhe Certifikat&euml;n nga evidenca penale p&euml;r persona juridike, nga tani do t&euml; mund t&euml; merren onlajn, p&euml;rmes Portalit komb&euml;tar p&euml;r sh&euml;rbime elektronike&nbsp;uslugi.gov.mk &ldquo;Ky &euml;sht&euml; hap i r&euml;nd&euml;sish&euml;m drejt digjitalizimit t&euml; sh&euml;rbimeve m&euml; t&euml; r&euml;nd&euml;sishme p&euml;r qytetar&euml;t. N&euml; Portalin komb&euml;tar p&euml;r sh&euml;rbime [&hellip;]<\/p>\n","protected":false},"author":2,"featured_media":42299,"comment_status":"open","ping_status":"closed","sticky":false,"template":"","format":"standard","meta":{"_monsterinsights_skip_tracking":false,"_monsterinsights_sitenote_active":false,"_monsterinsights_sitenote_note":"","_monsterinsights_sitenote_category":0,"footnotes":""},"categories":[1],"tags":[],"class_list":["post-42298","post","type-post","status-publish","format-standard","has-post-thumbnail","hentry","category-vendi"],"_links":{"self":[{"href":"https:\/\/radiojehona.mk\/index.php?rest_route=\/wp\/v2\/posts\/42298","targetHints":{"allow":["GET"]}}],"collection":[{"href":"https:\/\/radiojehona.mk\/index.php?rest_route=\/wp\/v2\/posts"}],"about":[{"href":"https:\/\/radiojehona.mk\/index.php?rest_route=\/wp\/v2\/types\/post"}],"author":[{"embeddable":true,"href":"https:\/\/radiojehona.mk\/index.php?rest_route=\/wp\/v2\/users\/2"}],"replies":[{"embeddable":true,"href":"https:\/\/radiojehona.mk\/index.php?rest_route=%2Fwp%2Fv2%2Fcomments&post=42298"}],"version-history":[{"count":1,"href":"https:\/\/radiojehona.mk\/index.php?rest_route=\/wp\/v2\/posts\/42298\/revisions"}],"predecessor-version":[{"id":42300,"href":"https:\/\/radiojehona.mk\/index.php?rest_route=\/wp\/v2\/posts\/42298\/revisions\/42300"}],"wp:featuredmedia":[{"embeddable":true,"href":"https:\/\/radiojehona.mk\/index.php?rest_route=\/wp\/v2\/media\/42299"}],"wp:attachment":[{"href":"https:\/\/radiojehona.mk\/index.php?rest_route=%2Fwp%2Fv2%2Fmedia&parent=42298"}],"wp:term":[{"taxonomy":"category","embeddable":true,"href":"https:\/\/radiojehona.mk\/index.php?rest_route=%2Fwp%2Fv2%2Fcategories&post=42298"},{"taxonomy":"post_tag","embeddable":true,"href":"https:\/\/radiojehona.mk\/index.php?rest_route=%2Fwp%2Fv2%2Ftags&post=42298"}],"curies":[{"name":"wp","href":"https:\/\/api.w.org\/{rel}","templated":true}]}}