{"id":42294,"date":"2025-04-26T13:50:35","date_gmt":"2025-04-26T13:50:35","guid":{"rendered":"https:\/\/radiojehona.com\/?p=42294"},"modified":"2025-04-26T13:50:36","modified_gmt":"2025-04-26T13:50:36","slug":"vlen-bujar-osmani-dhe-bdi-edhe-pas-20-vitesh-pushtet-absolut-nuk-arriten-te-mesojne-zanatin-e-qeverisjes-me-dinjitet","status":"publish","type":"post","link":"https:\/\/radiojehona.mk\/?p=42294","title":{"rendered":"VLEN: Bujar Osmani dhe BDI, edhe pas 20 vitesh pushtet absolut, nuk arrit\u00ebn t\u00eb m\u00ebsojn\u00eb zanatin e qeverisjes me dinjitet"},"content":{"rendered":"\n<figure class=\"wp-block-image size-large\"><img fetchpriority=\"high\" decoding=\"async\" width=\"1024\" height=\"523\" src=\"https:\/\/radiojehona.com\/wp-content\/uploads\/2025\/04\/IMG_1391-1024x523.jpeg\" alt=\"\" class=\"wp-image-42295\" srcset=\"https:\/\/radiojehona.mk\/wp-content\/uploads\/2025\/04\/IMG_1391-1024x523.jpeg 1024w, https:\/\/radiojehona.mk\/wp-content\/uploads\/2025\/04\/IMG_1391-300x153.jpeg 300w, https:\/\/radiojehona.mk\/wp-content\/uploads\/2025\/04\/IMG_1391-768x393.jpeg 768w, https:\/\/radiojehona.mk\/wp-content\/uploads\/2025\/04\/IMG_1391.jpeg 1125w\" sizes=\"(max-width: 1024px) 100vw, 1024px\" \/><\/figure>\n\n\n\n<p>Njeriu q\u00eb prej vitesh lakmon fronin e Ali Ahmetit, sillet sikur ka r\u00ebn\u00eb nga Marsi, e jo sikur ka qen\u00eb pjes\u00eb e t\u00eb gjitha qeverive, duke kaluar nga nj\u00eb resor n\u00eb tjetrin dhe duke l\u00ebn\u00eb pas vet\u00ebm skandale. Bujar Osmani dhe BDI, edhe pas 20 vitesh pushtet absolut, nuk arrit\u00ebn t\u00eb m\u00ebsojn\u00eb as zanatin e qeverisjes me dinjitet, as kultur\u00ebn e sjelljes politike n\u00eb opozit\u00eb.<\/p>\n\n\n\n<p>Sot i shohim t\u00eb kapur n\u00eb nj\u00eb panik patetik, duke lypur pushtetin sikur t\u00eb ishte frym\u00ebmarrja e tyre e fundit politike.<\/p>\n\n\n\n<p>N\u00eb munges\u00eb t\u00eb \u00e7do ideje apo vizioni, ata vazhdojn\u00eb t\u00eb g\u00ebnjejn\u00eb votuesit e tyre me premtime boshe dhe thirrje t\u00eb mjerueshme p\u00ebr zgjedhje t\u00eb parakohshme \u2013 vet\u00ebm p\u00ebr nj\u00eb q\u00ebllim: p\u00ebr t\u00eb shp\u00ebtuar veten, pasurit\u00eb e tyre dhe dosjet q\u00eb \u00e7do dit\u00eb po dalin n\u00eb drit\u00eb.<\/p>\n\n\n\n<p>Qytetar\u00ebt e din\u00eb fort mir\u00eb me k\u00eb kan\u00eb pun\u00eb:<br>Me Bujar Osmanin, q\u00eb shp\u00ebrndante tender\u00eb p\u00ebr rent-a-car si bakshishe p\u00ebr miqt\u00eb dhe rrethin e tij politik. Me Blerim Bexhetin, mjeshtrin e politik\u00ebs \u201chidhja \u2013 futja\u201d, q\u00eb bashk\u00eb me Danella Arsovsk\u00ebn shnd\u00ebrruan Shkupin n\u00eb nj\u00eb xhung\u00ebl. Me t\u00eb arratisurin Artan Grubi \u2013 q\u00eb u fut n\u00eb list\u00ebn e zez\u00eb pasi e shp\u00ebtoi Sasho Mijallkovin nga burgu, duke hedhur edhe nj\u00eb tjet\u00ebr njoll\u00eb turpi mbi nderin e shqiptar\u00ebve.<br>E mendoni v\u00ebrtet se shqiptar\u00ebt do t\u2019ju besojn\u00eb p\u00ebrs\u00ebri?Ku i lat\u00eb standardet ISO? A i p\u00ebrfunduat?<br>A mor\u00ebt ndonj\u00eb p\u00ebrgjigje nga institucionet evropiane p\u00ebr ato letra q\u00eb askush s\u2019ua ktheu? Populli e di: ju dini vet\u00ebm t\u00eb g\u00ebnjeni dhe t\u00eb vidheni!<\/p>\n\n\n\n<p>T\u00eb gjith\u00eb e mbajn\u00eb mend Dhom\u00ebn 161 n\u00eb Kuvend, ku i ashtuquajturi \u201cFront Evropian\u201d \u2013 BDI, u p\u00ebrul deri n\u00eb fund, ofroi kat\u00ebr ministri dhe postin e kryetarit t\u00eb Kuvendit vet\u00ebm p\u00ebr t\u00eb hyr\u00eb n\u00eb Qeveri me VMRO-DPMNE-n\u00eb n\u00eb vend t\u00eb VLEN-it.<\/p>\n\n\n\n<p>S\u2019\u00ebsht\u00eb aspak p\u00ebr t\u2019u habitur q\u00eb sot, kur BDI-ja nuk ka m\u00eb as pushtet real, as ndikim, p\u00ebrpiqet t\u00eb ndez\u00eb gjakrat me nj\u00eb retorik\u00eb t\u00eb rreme p\u00ebr \u201cposht\u00ebrimin\u201d e shqiptar\u00ebve \u2013 vet\u00ebm sepse gjenden n\u00eb opozit\u00eb.P\u00ebr ta, pushteti ka qen\u00eb gjithmon\u00eb burim pasurie dhe privilegjesh, kurr\u00eb mjet p\u00ebr t\u00eb nd\u00ebrtuar t\u00eb ardhmen e popullit t\u00eb vet.<\/p>\n\n\n\n<p>Sot, kur dosjet e korrupsionit po u shp\u00ebrthejn\u00eb nj\u00ebra pas tjetr\u00ebs, BDI-ja k\u00ebrkon nj\u00eb \u201cshteg m\u00eb t\u00eb shkurt\u00ebr\u201d p\u00ebrmes krizave artificiale dhe k\u00ebrc\u00ebnimeve p\u00ebr bojkot t\u00eb zgjedhjeve.<\/p>\n\n\n\n<p>Jo p\u00ebr shqiptar\u00ebt. Jo p\u00ebr t\u00eb ardhmen. Por p\u00ebr t\u00eb mbuluar t\u00eb kaluar\u00ebn e tyre kriminale.<br>Ata nuk e kuptojn\u00eb se pa reforma programore dhe kadrovike, nuk do t\u00eb ndiejn\u00eb er\u00ebn e pushtetit p\u00ebr nj\u00eb koh\u00eb shum\u00eb t\u00eb gjat\u00eb!<\/p>\n","protected":false},"excerpt":{"rendered":"<p>Njeriu q&euml; prej vitesh lakmon fronin e Ali Ahmetit, sillet sikur ka r&euml;n&euml; nga Marsi, e jo sikur ka qen&euml; pjes&euml; e t&euml; gjitha qeverive, duke kaluar nga nj&euml; resor n&euml; tjetrin dhe duke l&euml;n&euml; pas vet&euml;m skandale. Bujar Osmani dhe BDI, edhe pas 20 vitesh pushtet absolut, nuk arrit&euml;n t&euml; m&euml;sojn&euml; as zanatin e [&hellip;]<\/p>\n","protected":false},"author":2,"featured_media":42295,"comment_status":"open","ping_status":"closed","sticky":false,"template":"","format":"standard","meta":{"_monsterinsights_skip_tracking":false,"_monsterinsights_sitenote_active":false,"_monsterinsights_sitenote_note":"","_monsterinsights_sitenote_category":0,"footnotes":""},"categories":[1],"tags":[],"class_list":["post-42294","post","type-post","status-publish","format-standard","has-post-thumbnail","hentry","category-vendi"],"_links":{"self":[{"href":"https:\/\/radiojehona.mk\/index.php?rest_route=\/wp\/v2\/posts\/42294","targetHints":{"allow":["GET"]}}],"collection":[{"href":"https:\/\/radiojehona.mk\/index.php?rest_route=\/wp\/v2\/posts"}],"about":[{"href":"https:\/\/radiojehona.mk\/index.php?rest_route=\/wp\/v2\/types\/post"}],"author":[{"embeddable":true,"href":"https:\/\/radiojehona.mk\/index.php?rest_route=\/wp\/v2\/users\/2"}],"replies":[{"embeddable":true,"href":"https:\/\/radiojehona.mk\/index.php?rest_route=%2Fwp%2Fv2%2Fcomments&post=42294"}],"version-history":[{"count":2,"href":"https:\/\/radiojehona.mk\/index.php?rest_route=\/wp\/v2\/posts\/42294\/revisions"}],"predecessor-version":[{"id":42297,"href":"https:\/\/radiojehona.mk\/index.php?rest_route=\/wp\/v2\/posts\/42294\/revisions\/42297"}],"wp:featuredmedia":[{"embeddable":true,"href":"https:\/\/radiojehona.mk\/index.php?rest_route=\/wp\/v2\/media\/42295"}],"wp:attachment":[{"href":"https:\/\/radiojehona.mk\/index.php?rest_route=%2Fwp%2Fv2%2Fmedia&parent=42294"}],"wp:term":[{"taxonomy":"category","embeddable":true,"href":"https:\/\/radiojehona.mk\/index.php?rest_route=%2Fwp%2Fv2%2Fcategories&post=42294"},{"taxonomy":"post_tag","embeddable":true,"href":"https:\/\/radiojehona.mk\/index.php?rest_route=%2Fwp%2Fv2%2Ftags&post=42294"}],"curies":[{"name":"wp","href":"https:\/\/api.w.org\/{rel}","templated":true}]}}