{"id":42290,"date":"2025-04-26T13:49:00","date_gmt":"2025-04-26T13:49:00","guid":{"rendered":"https:\/\/radiojehona.com\/?p=42290"},"modified":"2025-04-26T13:49:01","modified_gmt":"2025-04-26T13:49:01","slug":"bdi-nese-nuk-keni-frike-nga-vullneti-i-popullit-atehere-ejani-ne-zgjedhje-te-parakohshme","status":"publish","type":"post","link":"https:\/\/radiojehona.mk\/?p=42290","title":{"rendered":"BDI: N\u00ebse nuk keni frik\u00eb nga vullneti i popullit, at\u00ebher\u00eb ejani n\u00eb zgjedhje t\u00eb parakohshme"},"content":{"rendered":"\n<figure class=\"wp-block-image size-large\"><img fetchpriority=\"high\" decoding=\"async\" width=\"1024\" height=\"550\" src=\"https:\/\/radiojehona.com\/wp-content\/uploads\/2025\/04\/IMG_1390-1024x550.jpeg\" alt=\"\" class=\"wp-image-42291\" srcset=\"https:\/\/radiojehona.mk\/wp-content\/uploads\/2025\/04\/IMG_1390-1024x550.jpeg 1024w, https:\/\/radiojehona.mk\/wp-content\/uploads\/2025\/04\/IMG_1390-300x161.jpeg 300w, https:\/\/radiojehona.mk\/wp-content\/uploads\/2025\/04\/IMG_1390-768x412.jpeg 768w, https:\/\/radiojehona.mk\/wp-content\/uploads\/2025\/04\/IMG_1390.jpeg 1125w\" sizes=\"(max-width: 1024px) 100vw, 1024px\" \/><\/figure>\n\n\n\n<p>Bashkimi Demokratik p\u00ebr Integrim i drejtohet publikisht partive shqiptare n\u00eb qeveri dhe me nj\u00eb thirrje t\u00eb qart\u00eb: N\u00ebse nuk keni frik\u00eb nga vullneti i popullit, at\u00ebher\u00eb ejani n\u00eb zgjedhje t\u00eb parakohshme.<\/p>\n\n\n\n<p>N\u00ebse mendoni se populli pajtohet q\u00eb partit\u00eb humb\u00ebse t\u00eb p\u00ebrfaq\u00ebsojn\u00eb shqiptar\u00ebt \u2013 EJANI N\u00cb ZGJEDHJE!<\/p>\n\n\n\n<p>N\u00ebse mendoni se \u00ebsht\u00eb n\u00eb rregull q\u00eb ministrin\u00eb p\u00ebr Marr\u00ebveshjen e Ohrit ta udh\u00ebheq nj\u00eb pitinist q\u00eb mohon at\u00eb \u2013EJANI N\u00cb ZGJEDHJE!<\/p>\n\n\n\n<p>N\u00ebse mendoni se shqiptar\u00ebt e pranojn\u00eb anulimin e balancuesit \u2013 EJANI N\u00cb ZGJEDHJE!<\/p>\n\n\n\n<p>N\u00ebse mendoni se pun\u00ebsimet nj\u00ebetnike, p\u00ebrjashtuese nuk shqet\u00ebsojn\u00eb ask\u00ebnd \u2013EJANI N\u00cb ZGJEDHJE!<\/p>\n\n\n\n<p>N\u00ebse mendoni se shqiptar\u00ebt jan\u00eb t\u00eb k\u00ebnaqur me p\u00ebrjashtimin e diaspor\u00ebs nga regjistrimi \u2013EJANI N\u00cb ZGJEDHJE!<\/p>\n\n\n\n<p>N\u00ebse mendoni se shqiptar\u00ebt e pranojn\u00eb ndales\u00ebn e p\u00ebr t\u00eb negociuar n\u00eb em\u00ebr t\u00eb shtetit \u2013EJANI N\u00cb ZGJEDHJE!<\/p>\n\n\n\n<p>N\u00ebse mendoni se \u00ebsht\u00eb normale q\u00eb inspektor\u00ebt e gjuh\u00ebs shqipe t\u00eb japin dor\u00ebheqje sepse nuk u paguhen rrogat p\u00ebr kat\u00ebr muaj \u2013EJANI N\u00cb ZGJEDHJE!<\/p>\n\n\n\n<p>N\u00ebse mendoni se ky \u00ebsht\u00eb drejtimi i duhur p\u00ebr shqiptar\u00ebt \u2013EJANI N\u00cb ZGJEDHJE!<\/p>\n\n\n\n<p>Sepse ai q\u00eb \u00ebsht\u00eb i sigurt n\u00eb drejt\u00ebsin\u00eb e rrug\u00ebs s\u00eb vet \u2013 nuk ka pse t\u00eb ket\u00eb frik\u00eb nga zgjedhjet.<\/p>\n\n\n\n<p>BDI nuk e frik\u00ebsohet popullit.<\/p>\n\n\n\n<p>Ne e d\u00ebgjojm\u00eb, e respektojm\u00eb dhe besojm\u00eb tek ai.<br>N\u00ebse edhe ju e b\u00ebni t\u00eb nj\u00ebjt\u00ebn gj\u00eb \u2013EJANI N\u00cb ZGJEDHJE!<\/p>\n\n\n\n<p>NE JEMI GATI!<\/p>\n","protected":false},"excerpt":{"rendered":"<p>Bashkimi Demokratik p&euml;r Integrim i drejtohet publikisht partive shqiptare n&euml; qeveri dhe me nj&euml; thirrje t&euml; qart&euml;: N&euml;se nuk keni frik&euml; nga vullneti i popullit, at&euml;her&euml; ejani n&euml; zgjedhje t&euml; parakohshme. N&euml;se mendoni se populli pajtohet q&euml; partit&euml; humb&euml;se t&euml; p&euml;rfaq&euml;sojn&euml; shqiptar&euml;t &ndash; EJANI N&Euml; ZGJEDHJE! N&euml;se mendoni se &euml;sht&euml; n&euml; rregull q&euml; ministrin&euml; p&euml;r [&hellip;]<\/p>\n","protected":false},"author":2,"featured_media":42291,"comment_status":"open","ping_status":"closed","sticky":false,"template":"","format":"standard","meta":{"_monsterinsights_skip_tracking":false,"_monsterinsights_sitenote_active":false,"_monsterinsights_sitenote_note":"","_monsterinsights_sitenote_category":0,"footnotes":""},"categories":[1],"tags":[],"class_list":["post-42290","post","type-post","status-publish","format-standard","has-post-thumbnail","hentry","category-vendi"],"_links":{"self":[{"href":"https:\/\/radiojehona.mk\/index.php?rest_route=\/wp\/v2\/posts\/42290","targetHints":{"allow":["GET"]}}],"collection":[{"href":"https:\/\/radiojehona.mk\/index.php?rest_route=\/wp\/v2\/posts"}],"about":[{"href":"https:\/\/radiojehona.mk\/index.php?rest_route=\/wp\/v2\/types\/post"}],"author":[{"embeddable":true,"href":"https:\/\/radiojehona.mk\/index.php?rest_route=\/wp\/v2\/users\/2"}],"replies":[{"embeddable":true,"href":"https:\/\/radiojehona.mk\/index.php?rest_route=%2Fwp%2Fv2%2Fcomments&post=42290"}],"version-history":[{"count":2,"href":"https:\/\/radiojehona.mk\/index.php?rest_route=\/wp\/v2\/posts\/42290\/revisions"}],"predecessor-version":[{"id":42293,"href":"https:\/\/radiojehona.mk\/index.php?rest_route=\/wp\/v2\/posts\/42290\/revisions\/42293"}],"wp:featuredmedia":[{"embeddable":true,"href":"https:\/\/radiojehona.mk\/index.php?rest_route=\/wp\/v2\/media\/42291"}],"wp:attachment":[{"href":"https:\/\/radiojehona.mk\/index.php?rest_route=%2Fwp%2Fv2%2Fmedia&parent=42290"}],"wp:term":[{"taxonomy":"category","embeddable":true,"href":"https:\/\/radiojehona.mk\/index.php?rest_route=%2Fwp%2Fv2%2Fcategories&post=42290"},{"taxonomy":"post_tag","embeddable":true,"href":"https:\/\/radiojehona.mk\/index.php?rest_route=%2Fwp%2Fv2%2Ftags&post=42290"}],"curies":[{"name":"wp","href":"https:\/\/api.w.org\/{rel}","templated":true}]}}