{"id":41888,"date":"2025-03-22T15:35:05","date_gmt":"2025-03-22T15:35:05","guid":{"rendered":"https:\/\/radiojehona.com\/?p=41888"},"modified":"2025-03-22T15:35:06","modified_gmt":"2025-03-22T15:35:06","slug":"gjermania-miraton-pakon-e-ndihmes-per-ukrainen-ne-vlere-prej-3-miliarde-eurosh","status":"publish","type":"post","link":"https:\/\/radiojehona.mk\/?p=41888","title":{"rendered":"Gjermania miraton pakon e ndihm\u00ebs p\u00ebr Ukrain\u00ebn n\u00eb vler\u00eb prej 3 miliard\u00eb eurosh"},"content":{"rendered":"\n<figure class=\"wp-block-image size-full\"><img fetchpriority=\"high\" decoding=\"async\" width=\"792\" height=\"456\" src=\"https:\/\/radiojehona.com\/wp-content\/uploads\/2025\/03\/gjermania-berlin.jpeg\" alt=\"\" class=\"wp-image-41889\" srcset=\"https:\/\/radiojehona.mk\/wp-content\/uploads\/2025\/03\/gjermania-berlin.jpeg 792w, https:\/\/radiojehona.mk\/wp-content\/uploads\/2025\/03\/gjermania-berlin-300x173.jpeg 300w, https:\/\/radiojehona.mk\/wp-content\/uploads\/2025\/03\/gjermania-berlin-768x442.jpeg 768w\" sizes=\"(max-width: 792px) 100vw, 792px\" \/><\/figure>\n\n\n\n<p>Komiteti p\u00ebr buxhet i Gjermanis\u00eb ka hapur rrug\u00ebn p\u00ebr paket\u00ebn e re t\u00eb ndihm\u00ebs ushtarake p\u00ebr Ukrain\u00ebn n\u00eb vler\u00eb prej 3 miliard\u00eb eurosh, pasi Friedrich Merz \u2013 kancelari n\u00eb ardhje \u2013po shtyn p\u00ebrpara rritjen e investimeve n\u00eb mbrojtje.<\/p>\n\n\n\n<p>T\u00eb dy dhomat e Parlamentit gjat\u00eb k\u00ebsaj jave miratuan planin e konservator\u00ebve t\u00eb Merzit dhe Socialdemokrat\u00ebve, t\u00eb cil\u00ebt po zhvillojn\u00eb bisedime p\u00ebr formimin e Qeveris\u00eb s\u00eb re gjermane.<\/p>\n\n\n\n<p>Planet e Merzit p\u00ebr shpenzime t\u00eb miratuara nga Dhoma e Lart\u00eb e Parlamentit m\u00eb 21 mars mund\u00ebsojn\u00eb krijimin e nj\u00eb fondi prej 500 miliard\u00eb eurosh p\u00ebr shpenzime n\u00eb infrastruktur\u00eb dhe leht\u00ebsim t\u00eb rregullave t\u00eb huas, duke mund\u00ebsuar shpenzime m\u00eb t\u00eb larta n\u00eb mbrojtje.<\/p>\n\n\n\n<p>Nd\u00ebrkaq, vendimi i Komitetit p\u00ebr buxhet u konfirmua nga ministrja e Jashtme, Annalena Baerbock.<\/p>\n\n\n\n<p>N\u00eb paket\u00ebn prej 3 miliard\u00eb eurosh p\u00ebrfshihen 2.547 miliard\u00eb nga Ministria e Financave q\u00eb do t\u2019i jepen Ukrain\u00ebs k\u00ebt\u00eb vit, t\u00eb plot\u00ebsuara edhe nga kontribute tjera, p\u00ebrfshir\u00eb nj\u00eb rimbursim nga Mekanizmi Evropian i Paqes.<\/p>\n\n\n\n<p>Ministria gjermane e Financave po ashtu planifikon t\u00eb autorizoj\u00eb 8.252 miliard\u00eb euro p\u00ebr ndihm\u00eb ushtarake p\u00ebr Ukrain\u00ebn p\u00ebr periudh\u00ebn nga viti 2026 deri m\u00eb 2029, duke b\u00ebr\u00eb q\u00eb totali i ndihm\u00ebs t\u00eb arrij\u00eb n\u00eb 11 miliard\u00eb euro.<\/p>\n\n\n\n<p>\u201cIshte koha\u201d q\u00eb Komiteti parlamentar t\u00eb hapte rrug\u00ebn p\u00ebr p\u00ebrdorimin e fondeve dhe Gjermania tani po vendos ritmin p\u00ebr mb\u00ebshtetjen e Evrop\u00ebs p\u00ebr Ukrain\u00ebn, tha Baerbock p\u00ebrmes nj\u00eb deklarate.<\/p>\n\n\n\n<p>\u201cSituata ushtarake e Ukrain\u00ebs \u00ebsht\u00eb b\u00ebr\u00eb m\u00eb e v\u00ebshtir\u00eb n\u00eb muajt e fundit\u201d, shtoi ajo.<\/p>\n\n\n\n<p>An\u00ebtar\u00ebt e Bashkimit Evropian, udh\u00ebheq\u00ebsit e t\u00eb cil\u00ebve u mblodh\u00ebn k\u00ebt\u00eb jav\u00eb p\u00ebr t\u00eb diskutuar ndihm\u00ebn p\u00ebr Ukrain\u00ebn, jan\u00eb n\u00ebn presion q\u00eb t\u00eb shfaqin angazhimin e tyre p\u00ebr Ukrain\u00ebn e cila po p\u00ebrballet me pushtimin rus, pasi pasiguria po rritet lidhur me t\u00eb ardhmen e garancive t\u00eb siguris\u00eb nga Shtetet e Bashkuara n\u00ebn udh\u00ebheqjen e Donald Trumpit.\/REL<\/p>\n","protected":false},"excerpt":{"rendered":"<p>Komiteti p&euml;r buxhet i Gjermanis&euml; ka hapur rrug&euml;n p&euml;r paket&euml;n e re t&euml; ndihm&euml;s ushtarake p&euml;r Ukrain&euml;n n&euml; vler&euml; prej 3 miliard&euml; eurosh, pasi Friedrich Merz &ndash; kancelari n&euml; ardhje &ndash;po shtyn p&euml;rpara rritjen e investimeve n&euml; mbrojtje. T&euml; dy dhomat e Parlamentit gjat&euml; k&euml;saj jave miratuan planin e konservator&euml;ve t&euml; Merzit dhe Socialdemokrat&euml;ve, t&euml; [&hellip;]<\/p>\n","protected":false},"author":2,"featured_media":41889,"comment_status":"open","ping_status":"closed","sticky":false,"template":"","format":"standard","meta":{"_monsterinsights_skip_tracking":false,"_monsterinsights_sitenote_active":false,"_monsterinsights_sitenote_note":"","_monsterinsights_sitenote_category":0,"footnotes":""},"categories":[569],"tags":[],"class_list":["post-41888","post","type-post","status-publish","format-standard","has-post-thumbnail","hentry","category-bota"],"_links":{"self":[{"href":"https:\/\/radiojehona.mk\/index.php?rest_route=\/wp\/v2\/posts\/41888","targetHints":{"allow":["GET"]}}],"collection":[{"href":"https:\/\/radiojehona.mk\/index.php?rest_route=\/wp\/v2\/posts"}],"about":[{"href":"https:\/\/radiojehona.mk\/index.php?rest_route=\/wp\/v2\/types\/post"}],"author":[{"embeddable":true,"href":"https:\/\/radiojehona.mk\/index.php?rest_route=\/wp\/v2\/users\/2"}],"replies":[{"embeddable":true,"href":"https:\/\/radiojehona.mk\/index.php?rest_route=%2Fwp%2Fv2%2Fcomments&post=41888"}],"version-history":[{"count":2,"href":"https:\/\/radiojehona.mk\/index.php?rest_route=\/wp\/v2\/posts\/41888\/revisions"}],"predecessor-version":[{"id":41891,"href":"https:\/\/radiojehona.mk\/index.php?rest_route=\/wp\/v2\/posts\/41888\/revisions\/41891"}],"wp:featuredmedia":[{"embeddable":true,"href":"https:\/\/radiojehona.mk\/index.php?rest_route=\/wp\/v2\/media\/41889"}],"wp:attachment":[{"href":"https:\/\/radiojehona.mk\/index.php?rest_route=%2Fwp%2Fv2%2Fmedia&parent=41888"}],"wp:term":[{"taxonomy":"category","embeddable":true,"href":"https:\/\/radiojehona.mk\/index.php?rest_route=%2Fwp%2Fv2%2Fcategories&post=41888"},{"taxonomy":"post_tag","embeddable":true,"href":"https:\/\/radiojehona.mk\/index.php?rest_route=%2Fwp%2Fv2%2Ftags&post=41888"}],"curies":[{"name":"wp","href":"https:\/\/api.w.org\/{rel}","templated":true}]}}