{"id":41880,"date":"2025-03-22T15:29:45","date_gmt":"2025-03-22T15:29:45","guid":{"rendered":"https:\/\/radiojehona.com\/?p=41880"},"modified":"2025-03-22T15:29:45","modified_gmt":"2025-03-22T15:29:45","slug":"autoritetet-turke-kane-arrestuar-mbi-300-persona-ne-protestat-e-mbajtura-mbreme","status":"publish","type":"post","link":"https:\/\/radiojehona.mk\/?p=41880","title":{"rendered":"Autoritetet turke kan\u00eb arrestuar mbi 300 persona n\u00eb protestat e mbajtura mbr\u00ebm\u00eb"},"content":{"rendered":"\n<figure class=\"wp-block-image size-full\"><img fetchpriority=\"high\" decoding=\"async\" width=\"701\" height=\"451\" src=\"https:\/\/radiojehona.com\/wp-content\/uploads\/2025\/03\/turcija-protest.jpg\" alt=\"\" class=\"wp-image-41881\" srcset=\"https:\/\/radiojehona.mk\/wp-content\/uploads\/2025\/03\/turcija-protest.jpg 701w, https:\/\/radiojehona.mk\/wp-content\/uploads\/2025\/03\/turcija-protest-300x193.jpg 300w\" sizes=\"(max-width: 701px) 100vw, 701px\" \/><\/figure>\n\n\n\n<p>Autoritetet turke kan\u00eb arrestuar mbi 300 persona n\u00eb protestat e mbajtura gjat\u00eb nat\u00ebs n\u00eb disa qytete, kund\u00ebr arrestimit t\u00eb kryetarit t\u00eb Stambollit, Ekrem Imamoglu, tha Ministria e Brendshme. Protestat u mbajt\u00ebn n\u00eb dhjet\u00ebra qytete, p\u00ebrfshir\u00eb n\u00eb Stamboll, dhe n\u00eb Ankara. N\u00eb njoftim u tha se arrestimet u kryen p\u00ebr t\u00eb parandaluar \u201cprishjen e rendit publik\u201d dhe u paralajm\u00ebrua se autoritetet nuk do t\u00eb tolerojn\u00eb \u201ckaos dhe provokim\u201d.<\/p>\n\n\n\n<p>Dhjet\u00ebra mij\u00ebra turq po protestojn\u00eb, kryesisht n\u00eb m\u00ebnyr\u00eb paq\u00ebsore, q\u00eb nga e m\u00ebrkura, kur Imamoglu u arrestua n\u00ebn akuzat p\u00ebr korrupsion dhe ndihm\u00eb ndaj nj\u00eb grupi terrorist.<\/p>\n\n\n\n<p>Ai \u00ebsht\u00eb rivali kryesor politik i presidentit turk, Rexhep Tajip Erdogan.<\/p>\n\n\n\n<p>Partia e kryetarit t\u00eb Stambollit, Partia Popullore Republikane \u2013 subjekti kryesor opozitar \u2013 e ka d\u00ebnuar arrestimin e tij, duke e cil\u00ebsuar si t\u00eb motivuar politikisht dhe u ka b\u00ebr\u00eb thirrje mb\u00ebshtet\u00ebsve q\u00eb t\u00eb protestojn\u00eb n\u00eb m\u00ebnyr\u00eb t\u00eb ligjshme.<\/p>\n\n\n\n<p>Imamoglut, u arrestua derisa partia e tij po p\u00ebrgatitej p\u00ebr ta shpallur at\u00eb kandidat presidencial t\u00eb diel\u00ebn. Partia u ka k\u00ebrkuar njer\u00ebzve jasht\u00eb partis\u00eb t\u00eb votojn\u00eb p\u00ebr t\u00eb n\u00eb kutit\u00eb e votimit t\u00eb vendosura n\u00eb t\u00eb gjith\u00eb vendin, si shenj\u00eb e rezistenc\u00ebs publike.<\/p>\n","protected":false},"excerpt":{"rendered":"<p>Autoritetet turke kan&euml; arrestuar mbi 300 persona n&euml; protestat e mbajtura gjat&euml; nat&euml;s n&euml; disa qytete, kund&euml;r arrestimit t&euml; kryetarit t&euml; Stambollit, Ekrem Imamoglu, tha Ministria e Brendshme. Protestat u mbajt&euml;n n&euml; dhjet&euml;ra qytete, p&euml;rfshir&euml; n&euml; Stamboll, dhe n&euml; Ankara. N&euml; njoftim u tha se arrestimet u kryen p&euml;r t&euml; parandaluar &ldquo;prishjen e rendit publik&rdquo; [&hellip;]<\/p>\n","protected":false},"author":2,"featured_media":41881,"comment_status":"open","ping_status":"closed","sticky":false,"template":"","format":"standard","meta":{"_monsterinsights_skip_tracking":false,"_monsterinsights_sitenote_active":false,"_monsterinsights_sitenote_note":"","_monsterinsights_sitenote_category":0,"footnotes":""},"categories":[569],"tags":[],"class_list":["post-41880","post","type-post","status-publish","format-standard","has-post-thumbnail","hentry","category-bota"],"_links":{"self":[{"href":"https:\/\/radiojehona.mk\/index.php?rest_route=\/wp\/v2\/posts\/41880","targetHints":{"allow":["GET"]}}],"collection":[{"href":"https:\/\/radiojehona.mk\/index.php?rest_route=\/wp\/v2\/posts"}],"about":[{"href":"https:\/\/radiojehona.mk\/index.php?rest_route=\/wp\/v2\/types\/post"}],"author":[{"embeddable":true,"href":"https:\/\/radiojehona.mk\/index.php?rest_route=\/wp\/v2\/users\/2"}],"replies":[{"embeddable":true,"href":"https:\/\/radiojehona.mk\/index.php?rest_route=%2Fwp%2Fv2%2Fcomments&post=41880"}],"version-history":[{"count":2,"href":"https:\/\/radiojehona.mk\/index.php?rest_route=\/wp\/v2\/posts\/41880\/revisions"}],"predecessor-version":[{"id":41883,"href":"https:\/\/radiojehona.mk\/index.php?rest_route=\/wp\/v2\/posts\/41880\/revisions\/41883"}],"wp:featuredmedia":[{"embeddable":true,"href":"https:\/\/radiojehona.mk\/index.php?rest_route=\/wp\/v2\/media\/41881"}],"wp:attachment":[{"href":"https:\/\/radiojehona.mk\/index.php?rest_route=%2Fwp%2Fv2%2Fmedia&parent=41880"}],"wp:term":[{"taxonomy":"category","embeddable":true,"href":"https:\/\/radiojehona.mk\/index.php?rest_route=%2Fwp%2Fv2%2Fcategories&post=41880"},{"taxonomy":"post_tag","embeddable":true,"href":"https:\/\/radiojehona.mk\/index.php?rest_route=%2Fwp%2Fv2%2Ftags&post=41880"}],"curies":[{"name":"wp","href":"https:\/\/api.w.org\/{rel}","templated":true}]}}