{"id":41876,"date":"2025-03-22T15:26:47","date_gmt":"2025-03-22T15:26:47","guid":{"rendered":"https:\/\/radiojehona.com\/?p=41876"},"modified":"2025-03-22T15:26:48","modified_gmt":"2025-03-22T15:26:48","slug":"150-mije-denare-shteti-do-tua-ndaje-familjeve-te-viktimave-dhe-te-lenduarve-nga-tragjedia-ne-kocan","status":"publish","type":"post","link":"https:\/\/radiojehona.mk\/?p=41876","title":{"rendered":"150 mij\u00eb denar\u00eb, shteti do t\u2019ua ndaj\u00eb familjeve t\u00eb viktimave dhe t\u00eb l\u00ebnduarve nga Tragjedia n\u00eb Ko\u00e7an!"},"content":{"rendered":"\n<figure class=\"wp-block-image size-full\"><img fetchpriority=\"high\" decoding=\"async\" width=\"696\" height=\"392\" src=\"https:\/\/radiojehona.com\/wp-content\/uploads\/2025\/03\/maria-miteva-696x392-1.jpg\" alt=\"\" class=\"wp-image-41877\" srcset=\"https:\/\/radiojehona.mk\/wp-content\/uploads\/2025\/03\/maria-miteva-696x392-1.jpg 696w, https:\/\/radiojehona.mk\/wp-content\/uploads\/2025\/03\/maria-miteva-696x392-1-300x169.jpg 300w\" sizes=\"(max-width: 696px) 100vw, 696px\" \/><\/figure>\n\n\n\n<p>Si Qeveri, b\u00ebjm\u00eb thirrje dhe k\u00ebrkojm\u00eb t\u00eb mos spekulohet me informacione se familjet dhe pacient\u00ebt kan\u00eb nevoj\u00eb p\u00ebr mb\u00ebshtetje financiare p\u00ebr sh\u00ebrim sepse kjo nuk \u00ebsht\u00eb e v\u00ebrtet\u00eb, t\u00eb gjith\u00eb pacient\u00ebve u \u00ebsht\u00eb siguruar dhe do t\u2019u sigurohet sh\u00ebrim nga shteti\u201d, porositi z\u00ebdh\u00ebn\u00ebsja e Qeveris\u00eb Marija Miteva n\u00eb konferenc\u00ebn e sotme p\u00ebr media.<\/p>\n\n\n\n<blockquote class=\"wp-block-quote is-layout-flow wp-block-quote-is-layout-flow\">\n<p>\u201cSi Qeveri, po ndjekim me vigjilenc\u00eb edhe situat\u00ebn n\u00eb rrjetet sociale, ku s\u00eb pari duhet t\u00eb them se dhembshuria, ndjeshm\u00ebria, d\u00ebshira e fort\u00eb dhe e sinqert\u00eb p\u00ebr t\u00eb ndihmuar \u00ebsht\u00eb e kuptueshme, se \u00ebsht\u00eb m\u00ebsa e justifikuar dhe se natyrisht \u00ebsht\u00eb respekt i madh, por n\u00eb k\u00ebto momente ata nuk kan\u00eb nevoj\u00eb p\u00ebr kujdes nga nj\u00eb aspekt i till\u00eb sepse ne do t\u00eb b\u00ebjm\u00eb gjith\u00e7ka q\u00eb \u00ebsht\u00eb n\u00eb fuqin\u00eb ton\u00eb p\u00ebr t\u00eb ndihmuar n\u00eb fush\u00ebn e kujdesit sh\u00ebndet\u00ebsor q\u00eb ata kan\u00eb nevoj\u00eb\u201d, tha Miteva.<\/p>\n<\/blockquote>\n\n\n\n<p>B\u00ebri t\u00eb ditur se n\u00eb fush\u00ebn e transportit dhe akomodimit t\u00eb familjeve t\u00eb pacient\u00ebve q\u00eb trajtohen jasht\u00eb vendit, \u00ebsht\u00eb p\u00ebrgjegj\u00ebsi e Qeveris\u00eb, e cila, sipas Mitev\u00ebs, do t\u00eb realizohet.<\/p>\n\n\n\n<blockquote class=\"wp-block-quote is-layout-flow wp-block-quote-is-layout-flow\">\n<p>\u201cPo ashtu, n\u00eb fush\u00ebn e transportit dhe akomodimit, dua t\u2019ju informoj se edhe ky \u00ebsht\u00eb nj\u00eb detyrim dhe shqet\u00ebsim q\u00eb ne si Qeveri e realizojm\u00eb. Prerja e sotme \u00ebsht\u00eb si vijon: jan\u00eb p\u00ebrkujdesur 180 persona nga familjet e t\u00eb plagosurve q\u00eb jan\u00eb shtruar n\u00eb spital jasht\u00eb vendit. Nj\u00ebher\u00ebsh, n\u00eb k\u00ebt\u00eb moment ne u informuam nga Kryqi i Kuq se po b\u00ebhet harmonizim dhe vler\u00ebsim formal juridik p\u00ebrmes t\u00eb cilit t\u00eb gjitha familjeve t\u00eb prekura nga tragjedia e tmerrshme do t\u2019u jepet mb\u00ebshtetje financiare n\u00eb shum\u00ebn prej 150.000 denar\u00eb p\u00ebr secil\u00ebn familje p\u00ebr t\u00eb filluar dhe mjetet e nj\u00ebjta do t\u2019u jen\u00eb n\u00eb dispozicion p\u00ebr t\u00eb mbuluar shpenzimet rrjedh\u00ebse, ditore, m\u00eb urgjente. Sigurisht, kjo nuk \u00ebsht\u00eb vet\u00ebm ndihm\u00eb e nj\u00ebhershme, ekipet e Kryqit t\u00eb Kuq, SPPP-s\u00eb dhe Qeveris\u00eb kontaktojn\u00eb familjet \u00e7do tre or\u00eb me q\u00ebllim q\u00eb t\u00eb sigurohemi se nuk ka situata t\u00eb reja t\u00eb pad\u00ebshiruara q\u00eb shkaktohen dhe, natyrisht, n\u00eb fazat e ardhshme n\u00eb m\u00ebnyr\u00eb t\u00eb vazhdueshme n\u00eb var\u00ebsi t\u00eb t\u00eb gjitha nevojave individuale, t\u00eb gjitha fondet do t\u2019u drejtohen atyre\u201d, deklaroi z\u00ebdh\u00ebn\u00ebsja e Qeveris\u00eb.<\/p>\n<\/blockquote>\n\n\n\n<p>Ajo b\u00ebri thirrje p\u00ebr t\u00eb treguar solidaritet pa spekulime q\u00eb mund t\u00eb d\u00ebmtojn\u00eb familjet e pacient\u00ebve.<\/p>\n\n\n\n<blockquote class=\"wp-block-quote is-layout-flow wp-block-quote-is-layout-flow\">\n<p>\u201cM\u00eb duhet t\u00eb konstatoj se b\u00ebhet fjal\u00eb p\u00ebr ndarjen e informacioneve personale t\u00eb familjes. Mund t\u00eb vihemi n\u00eb situat\u00eb n\u00eb t\u00eb cil\u00ebn mund t\u00eb b\u00ebjm\u00eb ndonj\u00eb d\u00ebm m\u00eb t\u00eb madh p\u00ebr vet\u00eb an\u00ebtar\u00ebt e familjes, respektivisht\u00eb t\u00eb abuzohen t\u00eb dh\u00ebnat personale e k\u00ebshtu me radh\u00eb. Jo m\u00eb kot, Qeveria q\u00eb nga fillimi paralajm\u00ebroi se do t\u00eb shkonte n\u00eb llogarin\u00eb e dedikuar t\u00eb Kryqit t\u00eb Kuq si institucion shum\u00ebvje\u00e7ar me dosje p\u00ebr situata t\u00eb k\u00ebtilla n\u00eb m\u00ebnyr\u00eb q\u00eb t\u00eb evitojm\u00eb spekulime m\u00eb t\u00eb m\u00ebdha ose kakofoni n\u00eb opinion se ku do t\u00eb dhurohen mjetet, k\u00ebshtu q\u00eb vendos\u00ebm t\u00eb shkojm\u00eb me nj\u00eb llogari. Situata t\u00eb tilla q\u00eb mjetet jan\u00eb t\u00eb pamjaftueshme dhe q\u00eb kan\u00eb problem me transportin dhe akomodimin, q\u00eb nuk kan\u00eb akomodim jan\u00eb t\u00eb pav\u00ebrteta, prandaj lusim q\u00eb t\u00eb mos spekulohet\u201d, tha Miteva.<\/p>\n<\/blockquote>\n\n\n\n<p>Lidhur me mb\u00ebshtetjen financiare n\u00eb shum\u00ebn prej 150.000 denar\u00eb p\u00ebr secil\u00ebn familje, Miteva theksoi se aktualisht po b\u00ebhet vler\u00ebsim dhe organizim i situat\u00ebs.<\/p>\n\n\n\n<p>\u201cN\u00eb k\u00ebt\u00eb pik\u00eb, e di se t\u00eb gjitha sh\u00ebrbimet jan\u00eb t\u00eb p\u00ebrfshira n\u00eb m\u00ebnyr\u00eb aktive p\u00ebr t\u00eb b\u00ebr\u00eb organizimin dhe vler\u00ebsimin e m\u00ebnyr\u00ebs m\u00eb t\u00eb mir\u00eb p\u00ebr t\u00eb mbrojtur familjet dhe p\u00ebr t\u00eb arritur mjetet tek familjet sa m\u00eb shpejt t\u00eb jet\u00eb e mundur. \u00c7do tre or\u00eb kemi kontakte t\u00eb rregullta me familjet jasht\u00eb vendit p\u00ebr t\u00eb par\u00eb n\u00ebse ka situata t\u00eb reja t\u00eb pad\u00ebshirueshme, jemi n\u00eb komunikim dhe koordinim t\u00eb vazhduesh\u00ebm k\u00ebrkojm\u00eb q\u00eb t\u00eb ndiqen informacionet zyrtare\u201d, theksoi ajo.<\/p>\n","protected":false},"excerpt":{"rendered":"<p>Si Qeveri, b&euml;jm&euml; thirrje dhe k&euml;rkojm&euml; t&euml; mos spekulohet me informacione se familjet dhe pacient&euml;t kan&euml; nevoj&euml; p&euml;r mb&euml;shtetje financiare p&euml;r sh&euml;rim sepse kjo nuk &euml;sht&euml; e v&euml;rtet&euml;, t&euml; gjith&euml; pacient&euml;ve u &euml;sht&euml; siguruar dhe do t&rsquo;u sigurohet sh&euml;rim nga shteti&rdquo;, porositi z&euml;dh&euml;n&euml;sja e Qeveris&euml; Marija Miteva n&euml; konferenc&euml;n e sotme p&euml;r media. &ldquo;Si Qeveri, [&hellip;]<\/p>\n","protected":false},"author":2,"featured_media":41877,"comment_status":"open","ping_status":"closed","sticky":false,"template":"","format":"standard","meta":{"_monsterinsights_skip_tracking":false,"_monsterinsights_sitenote_active":false,"_monsterinsights_sitenote_note":"","_monsterinsights_sitenote_category":0,"footnotes":""},"categories":[1],"tags":[],"class_list":["post-41876","post","type-post","status-publish","format-standard","has-post-thumbnail","hentry","category-vendi"],"_links":{"self":[{"href":"https:\/\/radiojehona.mk\/index.php?rest_route=\/wp\/v2\/posts\/41876","targetHints":{"allow":["GET"]}}],"collection":[{"href":"https:\/\/radiojehona.mk\/index.php?rest_route=\/wp\/v2\/posts"}],"about":[{"href":"https:\/\/radiojehona.mk\/index.php?rest_route=\/wp\/v2\/types\/post"}],"author":[{"embeddable":true,"href":"https:\/\/radiojehona.mk\/index.php?rest_route=\/wp\/v2\/users\/2"}],"replies":[{"embeddable":true,"href":"https:\/\/radiojehona.mk\/index.php?rest_route=%2Fwp%2Fv2%2Fcomments&post=41876"}],"version-history":[{"count":2,"href":"https:\/\/radiojehona.mk\/index.php?rest_route=\/wp\/v2\/posts\/41876\/revisions"}],"predecessor-version":[{"id":41879,"href":"https:\/\/radiojehona.mk\/index.php?rest_route=\/wp\/v2\/posts\/41876\/revisions\/41879"}],"wp:featuredmedia":[{"embeddable":true,"href":"https:\/\/radiojehona.mk\/index.php?rest_route=\/wp\/v2\/media\/41877"}],"wp:attachment":[{"href":"https:\/\/radiojehona.mk\/index.php?rest_route=%2Fwp%2Fv2%2Fmedia&parent=41876"}],"wp:term":[{"taxonomy":"category","embeddable":true,"href":"https:\/\/radiojehona.mk\/index.php?rest_route=%2Fwp%2Fv2%2Fcategories&post=41876"},{"taxonomy":"post_tag","embeddable":true,"href":"https:\/\/radiojehona.mk\/index.php?rest_route=%2Fwp%2Fv2%2Ftags&post=41876"}],"curies":[{"name":"wp","href":"https:\/\/api.w.org\/{rel}","templated":true}]}}