{"id":41871,"date":"2025-03-22T15:25:34","date_gmt":"2025-03-22T15:25:34","guid":{"rendered":"https:\/\/radiojehona.com\/?p=41871"},"modified":"2025-03-22T15:25:35","modified_gmt":"2025-03-22T15:25:35","slug":"arrestohen-dy-persona-per-shkak-te-shkaktimit-te-zjarrit-ne-prilep-dhe-resnje","status":"publish","type":"post","link":"https:\/\/radiojehona.mk\/?p=41871","title":{"rendered":"Arrestohen dy persona p\u00ebr shkak t\u00eb shkaktimit t\u00eb zjarrit n\u00eb Prilep dhe Resnj\u00eb"},"content":{"rendered":"\n<figure class=\"wp-block-image size-full\"><img fetchpriority=\"high\" decoding=\"async\" width=\"696\" height=\"392\" src=\"https:\/\/radiojehona.com\/wp-content\/uploads\/2025\/03\/Toka_Zjarri-696x392-1.jpg\" alt=\"\" class=\"wp-image-41873\" srcset=\"https:\/\/radiojehona.mk\/wp-content\/uploads\/2025\/03\/Toka_Zjarri-696x392-1.jpg 696w, https:\/\/radiojehona.mk\/wp-content\/uploads\/2025\/03\/Toka_Zjarri-696x392-1-300x169.jpg 300w\" sizes=\"(max-width: 696px) 100vw, 696px\" \/><\/figure>\n\n\n\n<p>M\u00eb 21.03.2025 n\u00eb ora 15:20, zyrtar\u00eb policor\u00eb nga NJPB Prilep n\u00eb rrug\u00ebn \u201cOsogovska\u201d n\u00eb Prilep e kan\u00eb privuar nga liria P.K. (51) nga Prilepi p\u00ebr shkak t\u00eb dyshimeve t\u00eb bazuara se m\u00eb 21.03.2025 rreth or\u00ebs 14:30, n\u00eb disa vende t\u00eb ndryshme n\u00eb af\u00ebrsi t\u00eb Prilepit, ka djegur bar t\u00eb that\u00eb, duke shkaktuar zjarr q\u00eb ka p\u00ebrfshir\u00eb dhe djegur pem\u00eb, nj\u00eb shtyll\u00eb elektrike n\u00eb pron\u00ebsi t\u00eb EVN-s\u00eb dhe bar t\u00eb that\u00eb pran\u00eb sht\u00ebpive. Zjarri \u00ebsht\u00eb shuar nga Nj\u00ebsia Territoriale e Zjarrfik\u00ebsve t\u00eb Prilepit.<\/p>\n\n\n\n<p>M\u00eb 21.03.2025 n\u00eb ora 13:20, n\u00eb Resen, zyrtar\u00eb policor\u00eb nga NJPB Resen e kan\u00eb privuar nga liria G.M. (60) nga Reseni p\u00ebr shkak t\u00eb dyshimeve t\u00eb bazuara se m\u00eb 21.03.2025 n\u00eb ora 12:35, n\u00eb vendin e quajtur \u201cBaraki\u201d, ka djegur mbeturina, por zjarri \u00ebsht\u00eb p\u00ebrhapur dhe ka p\u00ebrfshir\u00eb nj\u00eb zon\u00eb me bar t\u00eb that\u00eb. Zjarri \u00ebsht\u00eb shuar nga Nj\u00ebsia Territoriale e Zjarrfik\u00ebsve t\u00eb Resenit.<\/p>\n\n\n\n<p>Pas dokumentimit t\u00eb rasteve, do t\u00eb dor\u00ebzohen parashtresa p\u00ebrkat\u00ebse.<\/p>\n","protected":false},"excerpt":{"rendered":"<p>M&euml; 21.03.2025 n&euml; ora 15:20, zyrtar&euml; policor&euml; nga NJPB Prilep n&euml; rrug&euml;n &ldquo;Osogovska&rdquo; n&euml; Prilep e kan&euml; privuar nga liria P.K. (51) nga Prilepi p&euml;r shkak t&euml; dyshimeve t&euml; bazuara se m&euml; 21.03.2025 rreth or&euml;s 14:30, n&euml; disa vende t&euml; ndryshme n&euml; af&euml;rsi t&euml; Prilepit, ka djegur bar t&euml; that&euml;, duke shkaktuar zjarr q&euml; ka [&hellip;]<\/p>\n","protected":false},"author":2,"featured_media":41873,"comment_status":"open","ping_status":"closed","sticky":false,"template":"","format":"standard","meta":{"_monsterinsights_skip_tracking":false,"_monsterinsights_sitenote_active":false,"_monsterinsights_sitenote_note":"","_monsterinsights_sitenote_category":0,"footnotes":""},"categories":[1],"tags":[],"class_list":["post-41871","post","type-post","status-publish","format-standard","has-post-thumbnail","hentry","category-vendi"],"_links":{"self":[{"href":"https:\/\/radiojehona.mk\/index.php?rest_route=\/wp\/v2\/posts\/41871","targetHints":{"allow":["GET"]}}],"collection":[{"href":"https:\/\/radiojehona.mk\/index.php?rest_route=\/wp\/v2\/posts"}],"about":[{"href":"https:\/\/radiojehona.mk\/index.php?rest_route=\/wp\/v2\/types\/post"}],"author":[{"embeddable":true,"href":"https:\/\/radiojehona.mk\/index.php?rest_route=\/wp\/v2\/users\/2"}],"replies":[{"embeddable":true,"href":"https:\/\/radiojehona.mk\/index.php?rest_route=%2Fwp%2Fv2%2Fcomments&post=41871"}],"version-history":[{"count":2,"href":"https:\/\/radiojehona.mk\/index.php?rest_route=\/wp\/v2\/posts\/41871\/revisions"}],"predecessor-version":[{"id":41875,"href":"https:\/\/radiojehona.mk\/index.php?rest_route=\/wp\/v2\/posts\/41871\/revisions\/41875"}],"wp:featuredmedia":[{"embeddable":true,"href":"https:\/\/radiojehona.mk\/index.php?rest_route=\/wp\/v2\/media\/41873"}],"wp:attachment":[{"href":"https:\/\/radiojehona.mk\/index.php?rest_route=%2Fwp%2Fv2%2Fmedia&parent=41871"}],"wp:term":[{"taxonomy":"category","embeddable":true,"href":"https:\/\/radiojehona.mk\/index.php?rest_route=%2Fwp%2Fv2%2Fcategories&post=41871"},{"taxonomy":"post_tag","embeddable":true,"href":"https:\/\/radiojehona.mk\/index.php?rest_route=%2Fwp%2Fv2%2Ftags&post=41871"}],"curies":[{"name":"wp","href":"https:\/\/api.w.org\/{rel}","templated":true}]}}