{"id":41868,"date":"2025-03-22T15:24:18","date_gmt":"2025-03-22T15:24:18","guid":{"rendered":"https:\/\/radiojehona.com\/?p=41868"},"modified":"2025-03-22T15:24:19","modified_gmt":"2025-03-22T15:24:19","slug":"rihapet-plaga-kumanovare-kerkohet-drejtesi-edhe-per-almirin-e-vogel-qe-u-shtyp-me-makine-nga-maqedonasi","status":"publish","type":"post","link":"https:\/\/radiojehona.mk\/?p=41868","title":{"rendered":"Rihapet plaga kumanovare: K\u00ebrkohet drejt\u00ebsi edhe p\u00ebr Almirin e vog\u00ebl q\u00eb u shtyp me makin\u00eb nga maqedonasi"},"content":{"rendered":"\n<figure class=\"wp-block-image size-full\"><img fetchpriority=\"high\" decoding=\"async\" width=\"900\" height=\"506\" src=\"https:\/\/radiojehona.com\/wp-content\/uploads\/2025\/03\/1DF15C79-F028-4126-8EC3-9FFF1ED13655.jpeg\" alt=\"\" class=\"wp-image-41869\" srcset=\"https:\/\/radiojehona.mk\/wp-content\/uploads\/2025\/03\/1DF15C79-F028-4126-8EC3-9FFF1ED13655.jpeg 900w, https:\/\/radiojehona.mk\/wp-content\/uploads\/2025\/03\/1DF15C79-F028-4126-8EC3-9FFF1ED13655-300x169.jpeg 300w, https:\/\/radiojehona.mk\/wp-content\/uploads\/2025\/03\/1DF15C79-F028-4126-8EC3-9FFF1ED13655-768x432.jpeg 768w, https:\/\/radiojehona.mk\/wp-content\/uploads\/2025\/03\/1DF15C79-F028-4126-8EC3-9FFF1ED13655-800x450.jpeg 800w\" sizes=\"(max-width: 900px) 100vw, 900px\" \/><\/figure>\n\n\n\n<p>Familjari i Almir Aliut, 4-vje\u00e7arit i cili humbi jet\u00ebn si pasoj\u00eb e goditjes me vetur\u00eb nga Boban Iliq ka reaguar pas ngjarjeve tragjike q\u00eb kan\u00eb tronditur vendin, duke shprehur shpres\u00ebn se politikan\u00ebt n\u00eb pushtet do t\u00eb kujtohen p\u00ebr rastin e nipit t\u00eb tij.<\/p>\n\n\n\n<p>Ai ka theksuar padrejt\u00ebsin\u00eb dhe krimin q\u00eb ndodhi, duke akuzuar sistemin q\u00eb lejoj nj\u00eb huligan t\u00eb shtyp\u00eb Almirin dhe t\u00eb shp\u00ebtoj\u00eb fal\u00eb sistemit t\u00eb korruptuar t\u00eb drejt\u00ebsis\u00eb.<\/p>\n\n\n\n<p><strong>Reagimi i plot\u00eb:<\/strong><\/p>\n\n\n\n<p>\u201cNdoshta dikush nga politikan\u00ebt q\u00eb jan\u00eb n\u00eb pushtet do t\u00eb kujtohen p\u00ebr rastin e Almirit\u201d,<br>\u201cN\u00eb k\u00ebt\u00eb periudh\u00eb kur ndodh\u00ebn ngjarje tragjike si ajo n\u00eb Ko\u00e7an dhe rasti i vdekjes s\u00eb Vedatit n\u00eb spitalin e Kumanov\u00ebs jam optimist se dikush nga politikan aktualisht n\u00eb pushtet do t\u00eb kujtohet p\u00ebr rastin ALMIRI i cili u shtyp q\u00ebllimisht nga nj\u00eb huligan e po i njejti fal SISTEMIT t\u00eb shum\u00eb p\u00ebrmendur k\u00ebto dit n\u00eb kolluaret politike e n\u00ebp\u00ebr media, u d\u00ebnua ashtu si\u00e7 e din opinioni i gjer\u00eb e poashtu u d\u00ebnua edhe prindi i tij sepse Bobani i kishte shtyp djalin me makin\u00eb q\u00ebllimisht.Kjo jo q\u00eb nuk \u00ebsht\u00eb drejt\u00ebsi por \u00ebsht\u00eb krim e p\u00ebrtej krimit. Turp\u201d.<\/p>\n\n\n\n<p>Ndryshe&nbsp;Almir Aliu,4 -vje\u00e7ari nga Kumanova u shtyp&nbsp;me vetur\u00eb n\u00eb korrik t\u00eb vitit 2016 nga&nbsp;maqedonasi B.I, i cili provoi t\u00eb shtyp me vetur\u00eb familjen e Aliu nga Kumanova pas nj\u00eb z\u00ebnke banale me t\u00eb atin e Almirit,&nbsp;ku edhe humbi jet\u00ebn vog\u00eblushi pas l\u00ebndimeve t\u00eb marra nga shoferi i makin\u00ebs q\u00eb e shtypi q\u00ebllimsh\u00ebm p\u00ebr vdekje.<\/p>\n","protected":false},"excerpt":{"rendered":"<p>Familjari i Almir Aliut, 4-vje&ccedil;arit i cili humbi jet&euml;n si pasoj&euml; e goditjes me vetur&euml; nga Boban Iliq ka reaguar pas ngjarjeve tragjike q&euml; kan&euml; tronditur vendin, duke shprehur shpres&euml;n se politikan&euml;t n&euml; pushtet do t&euml; kujtohen p&euml;r rastin e nipit t&euml; tij. Ai ka theksuar padrejt&euml;sin&euml; dhe krimin q&euml; ndodhi, duke akuzuar sistemin q&euml; [&hellip;]<\/p>\n","protected":false},"author":2,"featured_media":41869,"comment_status":"open","ping_status":"closed","sticky":false,"template":"","format":"standard","meta":{"_monsterinsights_skip_tracking":false,"_monsterinsights_sitenote_active":false,"_monsterinsights_sitenote_note":"","_monsterinsights_sitenote_category":0,"footnotes":""},"categories":[1],"tags":[],"class_list":["post-41868","post","type-post","status-publish","format-standard","has-post-thumbnail","hentry","category-vendi"],"_links":{"self":[{"href":"https:\/\/radiojehona.mk\/index.php?rest_route=\/wp\/v2\/posts\/41868","targetHints":{"allow":["GET"]}}],"collection":[{"href":"https:\/\/radiojehona.mk\/index.php?rest_route=\/wp\/v2\/posts"}],"about":[{"href":"https:\/\/radiojehona.mk\/index.php?rest_route=\/wp\/v2\/types\/post"}],"author":[{"embeddable":true,"href":"https:\/\/radiojehona.mk\/index.php?rest_route=\/wp\/v2\/users\/2"}],"replies":[{"embeddable":true,"href":"https:\/\/radiojehona.mk\/index.php?rest_route=%2Fwp%2Fv2%2Fcomments&post=41868"}],"version-history":[{"count":1,"href":"https:\/\/radiojehona.mk\/index.php?rest_route=\/wp\/v2\/posts\/41868\/revisions"}],"predecessor-version":[{"id":41870,"href":"https:\/\/radiojehona.mk\/index.php?rest_route=\/wp\/v2\/posts\/41868\/revisions\/41870"}],"wp:featuredmedia":[{"embeddable":true,"href":"https:\/\/radiojehona.mk\/index.php?rest_route=\/wp\/v2\/media\/41869"}],"wp:attachment":[{"href":"https:\/\/radiojehona.mk\/index.php?rest_route=%2Fwp%2Fv2%2Fmedia&parent=41868"}],"wp:term":[{"taxonomy":"category","embeddable":true,"href":"https:\/\/radiojehona.mk\/index.php?rest_route=%2Fwp%2Fv2%2Fcategories&post=41868"},{"taxonomy":"post_tag","embeddable":true,"href":"https:\/\/radiojehona.mk\/index.php?rest_route=%2Fwp%2Fv2%2Ftags&post=41868"}],"curies":[{"name":"wp","href":"https:\/\/api.w.org\/{rel}","templated":true}]}}