{"id":41860,"date":"2025-03-22T15:21:45","date_gmt":"2025-03-22T15:21:45","guid":{"rendered":"https:\/\/radiojehona.com\/?p=41860"},"modified":"2025-03-22T15:21:46","modified_gmt":"2025-03-22T15:21:46","slug":"tragjedia-ne-kocane-per-te-henen-paralajmerohen-disa-protesta","status":"publish","type":"post","link":"https:\/\/radiojehona.mk\/?p=41860","title":{"rendered":"Tragjedia n\u00eb Ko\u00e7an\u00eb\/ P\u00ebr t\u00eb h\u00ebn\u00ebn paralajm\u00ebrohen disa protesta!"},"content":{"rendered":"\n<figure class=\"wp-block-image size-full\"><img fetchpriority=\"high\" decoding=\"async\" width=\"696\" height=\"372\" src=\"https:\/\/radiojehona.com\/wp-content\/uploads\/2025\/03\/Screenshot_20250318_182202_Facebook-696x372-1.jpg\" alt=\"\" class=\"wp-image-41861\" srcset=\"https:\/\/radiojehona.mk\/wp-content\/uploads\/2025\/03\/Screenshot_20250318_182202_Facebook-696x372-1.jpg 696w, https:\/\/radiojehona.mk\/wp-content\/uploads\/2025\/03\/Screenshot_20250318_182202_Facebook-696x372-1-300x160.jpg 300w\" sizes=\"(max-width: 696px) 100vw, 696px\" \/><\/figure>\n\n\n\n<p>Nisma \u201cKush e ka radh\u00ebn?\u201d, p\u00ebrmes rrjeteve sociale, p\u00ebr t\u00eb h\u00ebn\u00ebn, ka paralajm\u00ebruar protest\u00eb apo sic thon\u00eb \u201cmarsh p\u00ebr p\u00ebrgjegj\u00ebsi dhe siguri\u201d, pas tragjedis\u00eb n\u00eb Ko\u00e7an\u00eb q\u00eb mori 59 viktima.<\/p>\n\n\n\n<p>Marshi me moton \u201cMjaft ishim ne, tani radh\u00ebn e ka sistemi\u201d do t\u00eb mbahet t\u00eb h\u00ebn\u00ebn m\u00eb 24 mars simbolikisht n\u00eb or\u00ebn 18:59 dhe do t\u00eb nis nga Sheshi \u201cMaqedonia\u201d i Shkupit.<\/p>\n\n\n\n<p>\u201cDeri t\u00eb diel\u00ebn do t\u00eb heshtim. Por, nga e H\u00ebna, heshtja p\u00ebrfundon. Nga e H\u00ebna shihemi n\u00ebp\u00ebr rrug\u00eb, t\u00eb z\u00ebsh\u00ebm, t\u00eb pakompromis dhe t\u00eb bashkuar. Q\u00eb t\u00eb mos harrohen dhe t\u00eb mos ket\u00eb jet\u00eb t\u00eb humbura p\u00ebr shkak t\u00eb pasiguris\u00eb dhe pap\u00ebrgjegj\u00ebsis\u00eb\u201d \u2013 thon\u00eb nga nisma \u201cKush e ka radh\u00ebn?\u201d.<\/p>\n\n\n\n<p>Nd\u00ebrkoh\u00eb, Kuvendi I Pavarur I Student\u00ebve t\u00eb Universitetit \u201cSh\u00ebn Kirili dhe Metodi\u201d n\u00eb Shkup, sic thon\u00eb, n\u00eb em\u00ebr t\u00eb autonomis\u00eb studentore u ka b\u00ebr\u00eb thirrje t\u00eb gjith\u00eb student\u00ebve p\u00ebr nj\u00eb plenum t\u00eb h\u00ebn\u00ebn n\u00eb ora 13.00 n\u00eb kampusin e k\u00ebtij universiteti.<\/p>\n\n\n\n<p>N\u00eb k\u00ebt\u00eb thirrje thuhet \u201cNuk na duhet trupi burokratik q\u00eb punon pas shpine. \u00cbsht\u00eb koha q\u00eb student\u00ebt t\u00eb vendosin p\u00ebr fakultetet e tyre, e jo trupi I shkall\u00ebs s\u00eb dyt\u00eb I burokratizuar Unioni I Parlamentit Studentor\u201d<\/p>\n\n\n\n<p>N\u00eb komunikat\u00ebn e Kuvendit t\u00eb Pavarur t\u00eb Student\u00ebve b\u00ebhet thirrje q\u00eb t\u00eb delegjitimohet trupi q\u00eb nuk p\u00ebrfaq\u00ebson student\u00ebt duke pohuar se autonomia studentore nuk lutet, por mbrohet.<\/p>\n\n\n\n<p>Nd\u00ebrkoh\u00eb, nga iniciativa \u201cZero\u201d paralajm\u00ebrojn\u00eb se t\u00eb h\u00ebn\u00ebn do t\u00eb organizohet protest\u00eb n\u00eb Tetov\u00eb, ku para Gjykat\u00ebs do t\u00eb kujtohen viktimat e Ko\u00e7anit dhe do t\u00eb k\u00ebrkohet rigjykim p\u00ebr t\u00eb gjitha tragjedit\u00eb.<\/p>\n\n\n\n<p>\u201cT\u00eb h\u00ebn\u00ebn, n\u00eb ora 12:30, protesta do t\u00eb mbahet n\u00eb Tetov\u00eb me pik\u00ebnisje nga sheshi \u2018Iliria\u2019, p\u00ebr t\u00eb p\u00ebrfunduar para Gjykat\u00ebs s\u00eb Tetov\u00ebs. Fillimisht, do t\u00eb kujtojm\u00eb viktimat e Ko\u00e7anit dhe m\u00eb pas do t\u00eb k\u00ebrkojm\u00eb p\u00ebrgjegj\u00ebsi p\u00ebr k\u00ebt\u00eb rast, si dhe p\u00ebr tragjedin\u00eb e spitalit modular q\u00eb ndodhi para disa vitesh n\u00eb Tetov\u00eb. Ne, si t\u00eb rinj, k\u00ebrkojm\u00eb q\u00eb t\u00eb rigjykohen t\u00eb gjitha tragjedit\u00eb q\u00eb kan\u00eb ndodhur,\u201d \u2013 tha Bledi Hoda inga nisma \u201cZero\u201d<\/p>\n\n\n\n<p>Mbr\u00ebm\u00eb n\u00eb Prilep \u00ebsht\u00eb mbajtur marsh solidar p\u00ebr viktimat e tragjedis\u00eb n\u00eb Ko\u00e7an\u00eb.<\/p>\n\n\n\n<p>T\u00eb rinjt\u00eb me transparente marshuar rrug\u00ebve t\u00eb k\u00ebtij qyteti me parrulat \u201cT\u00eb vdekurit heshtin m\u00eb z\u00ebsh\u00ebm\u201d, \u201cMe duar t\u00eb p\u00ebrgjakura num\u00ebroni parat\u00eb\u201d<\/p>\n\n\n\n<p>Sipas organizator\u00ebve t\u00eb marshit, Prilepi mbr\u00ebm\u00eb ka treguar solidaritetin, unitetin, empatin\u00eb dhe d\u00ebshmin\u00eb e z\u00ebshme se nuk guxon t\u00eb mbret\u00ebroj\u00eb harresa.<\/p>\n","protected":false},"excerpt":{"rendered":"<p>Nisma &ldquo;Kush e ka radh&euml;n?&rdquo;, p&euml;rmes rrjeteve sociale, p&euml;r t&euml; h&euml;n&euml;n, ka paralajm&euml;ruar protest&euml; apo sic thon&euml; &ldquo;marsh p&euml;r p&euml;rgjegj&euml;si dhe siguri&rdquo;, pas tragjedis&euml; n&euml; Ko&ccedil;an&euml; q&euml; mori 59 viktima. Marshi me moton &ldquo;Mjaft ishim ne, tani radh&euml;n e ka sistemi&rdquo; do t&euml; mbahet t&euml; h&euml;n&euml;n m&euml; 24 mars simbolikisht n&euml; or&euml;n 18:59 dhe do [&hellip;]<\/p>\n","protected":false},"author":2,"featured_media":41861,"comment_status":"open","ping_status":"closed","sticky":false,"template":"","format":"standard","meta":{"_monsterinsights_skip_tracking":false,"_monsterinsights_sitenote_active":false,"_monsterinsights_sitenote_note":"","_monsterinsights_sitenote_category":0,"footnotes":""},"categories":[1],"tags":[],"class_list":["post-41860","post","type-post","status-publish","format-standard","has-post-thumbnail","hentry","category-vendi"],"_links":{"self":[{"href":"https:\/\/radiojehona.mk\/index.php?rest_route=\/wp\/v2\/posts\/41860","targetHints":{"allow":["GET"]}}],"collection":[{"href":"https:\/\/radiojehona.mk\/index.php?rest_route=\/wp\/v2\/posts"}],"about":[{"href":"https:\/\/radiojehona.mk\/index.php?rest_route=\/wp\/v2\/types\/post"}],"author":[{"embeddable":true,"href":"https:\/\/radiojehona.mk\/index.php?rest_route=\/wp\/v2\/users\/2"}],"replies":[{"embeddable":true,"href":"https:\/\/radiojehona.mk\/index.php?rest_route=%2Fwp%2Fv2%2Fcomments&post=41860"}],"version-history":[{"count":2,"href":"https:\/\/radiojehona.mk\/index.php?rest_route=\/wp\/v2\/posts\/41860\/revisions"}],"predecessor-version":[{"id":41863,"href":"https:\/\/radiojehona.mk\/index.php?rest_route=\/wp\/v2\/posts\/41860\/revisions\/41863"}],"wp:featuredmedia":[{"embeddable":true,"href":"https:\/\/radiojehona.mk\/index.php?rest_route=\/wp\/v2\/media\/41861"}],"wp:attachment":[{"href":"https:\/\/radiojehona.mk\/index.php?rest_route=%2Fwp%2Fv2%2Fmedia&parent=41860"}],"wp:term":[{"taxonomy":"category","embeddable":true,"href":"https:\/\/radiojehona.mk\/index.php?rest_route=%2Fwp%2Fv2%2Fcategories&post=41860"},{"taxonomy":"post_tag","embeddable":true,"href":"https:\/\/radiojehona.mk\/index.php?rest_route=%2Fwp%2Fv2%2Ftags&post=41860"}],"curies":[{"name":"wp","href":"https:\/\/api.w.org\/{rel}","templated":true}]}}