{"id":41857,"date":"2025-03-22T15:20:45","date_gmt":"2025-03-22T15:20:45","guid":{"rendered":"https:\/\/radiojehona.com\/?p=41857"},"modified":"2025-03-22T15:20:46","modified_gmt":"2025-03-22T15:20:46","slug":"situata-eshte-alarmante-dehari-u-ben-thirrje-qytetareve-tregoni-kujdes-maksimal-brenda-javes-me-shume-se-7-raste-te-zjarreve-ne-kercove","status":"publish","type":"post","link":"https:\/\/radiojehona.mk\/?p=41857","title":{"rendered":"\u201cSituata \u00ebsht\u00eb alarmante\u201d! Dehari u b\u00ebn thirrje qytetar\u00ebve: Tregoni kujdes maksimal, brenda jav\u00ebs m\u00eb shum\u00eb se 7 raste t\u00eb zjarreve n\u00eb K\u00ebr\u00e7ov\u00eb"},"content":{"rendered":"\n<figure class=\"wp-block-image size-full\"><img fetchpriority=\"high\" decoding=\"async\" width=\"750\" height=\"430\" src=\"https:\/\/radiojehona.com\/wp-content\/uploads\/2025\/03\/fatmir-dehari-750x430-1.jpg\" alt=\"\" class=\"wp-image-41858\" srcset=\"https:\/\/radiojehona.mk\/wp-content\/uploads\/2025\/03\/fatmir-dehari-750x430-1.jpg 750w, https:\/\/radiojehona.mk\/wp-content\/uploads\/2025\/03\/fatmir-dehari-750x430-1-300x172.jpg 300w\" sizes=\"(max-width: 750px) 100vw, 750px\" \/><\/figure>\n\n\n\n<p>Kryetari i komun\u00ebs s\u00eb K\u00ebr\u00e7ov\u00ebs, Fatmir Dehari u b\u00ebri thirrje qytetar\u00ebve q\u00eb t\u00eb tregojn\u00eb kujdes maksimal dhe t\u00eb shmangin ndezjen e zjarreve, pasi si\u00e7 tha, brenda jav\u00ebs ka pasur 7 raste t\u00eb zjarreve me rrezikshm\u00ebri t\u00eb lart\u00eb, shkruan TV21. Dehari tha se situata \u00ebsht\u00eb alarmante.<\/p>\n\n\n\n<p>\u201cBrenda vet\u00ebm nj\u00eb jave kemi pasur m\u00eb shum\u00eb se 7 raste t\u00eb zjarreve me rrezikshm\u00ebri t\u00eb lart\u00eb n\u00eb komunen ton\u00eb. Kjo situat\u00eb \u00ebsht\u00eb alarmante, ve\u00e7an\u00ebrisht duke qen\u00eb ende n\u00eb fillim t\u00eb sezonit pranveror.<\/p>\n\n\n\n<p>Ju b\u00ebjm\u00eb thirrje t\u00eb gjith\u00ebve q\u00eb t\u00eb tregoni kujdes maksimal dhe t\u00eb shmangni ndezjen e zjarreve n\u00eb hap\u00ebsira t\u00eb hapura, si dhe t\u00eb raportoni \u00e7do rast t\u00eb dyshimt\u00eb tek autoritetet p\u00ebrgjegj\u00ebse.<\/p>\n\n\n\n<p>Zjarret jo vet\u00ebm q\u00eb rrezikojn\u00eb jet\u00ebn dhe pron\u00ebn ton\u00eb, por d\u00ebmtojn\u00eb edhe mjedisin dhe ekosistemin ton\u00eb t\u00eb p\u00ebrbashk\u00ebt. Bashk\u00eb mund t\u00eb parandalojm\u00eb d\u00ebmet dhe t\u00eb mbrojm\u00eb veten ton\u00eb\u201d, tha Dehari.<\/p>\n","protected":false},"excerpt":{"rendered":"<p>Kryetari i komun&euml;s s&euml; K&euml;r&ccedil;ov&euml;s, Fatmir Dehari u b&euml;ri thirrje qytetar&euml;ve q&euml; t&euml; tregojn&euml; kujdes maksimal dhe t&euml; shmangin ndezjen e zjarreve, pasi si&ccedil; tha, brenda jav&euml;s ka pasur 7 raste t&euml; zjarreve me rrezikshm&euml;ri t&euml; lart&euml;, shkruan TV21. Dehari tha se situata &euml;sht&euml; alarmante. &ldquo;Brenda vet&euml;m nj&euml; jave kemi pasur m&euml; shum&euml; se 7 [&hellip;]<\/p>\n","protected":false},"author":2,"featured_media":41858,"comment_status":"open","ping_status":"closed","sticky":false,"template":"","format":"standard","meta":{"_monsterinsights_skip_tracking":false,"_monsterinsights_sitenote_active":false,"_monsterinsights_sitenote_note":"","_monsterinsights_sitenote_category":0,"footnotes":""},"categories":[1],"tags":[],"class_list":["post-41857","post","type-post","status-publish","format-standard","has-post-thumbnail","hentry","category-vendi"],"_links":{"self":[{"href":"https:\/\/radiojehona.mk\/index.php?rest_route=\/wp\/v2\/posts\/41857","targetHints":{"allow":["GET"]}}],"collection":[{"href":"https:\/\/radiojehona.mk\/index.php?rest_route=\/wp\/v2\/posts"}],"about":[{"href":"https:\/\/radiojehona.mk\/index.php?rest_route=\/wp\/v2\/types\/post"}],"author":[{"embeddable":true,"href":"https:\/\/radiojehona.mk\/index.php?rest_route=\/wp\/v2\/users\/2"}],"replies":[{"embeddable":true,"href":"https:\/\/radiojehona.mk\/index.php?rest_route=%2Fwp%2Fv2%2Fcomments&post=41857"}],"version-history":[{"count":1,"href":"https:\/\/radiojehona.mk\/index.php?rest_route=\/wp\/v2\/posts\/41857\/revisions"}],"predecessor-version":[{"id":41859,"href":"https:\/\/radiojehona.mk\/index.php?rest_route=\/wp\/v2\/posts\/41857\/revisions\/41859"}],"wp:featuredmedia":[{"embeddable":true,"href":"https:\/\/radiojehona.mk\/index.php?rest_route=\/wp\/v2\/media\/41858"}],"wp:attachment":[{"href":"https:\/\/radiojehona.mk\/index.php?rest_route=%2Fwp%2Fv2%2Fmedia&parent=41857"}],"wp:term":[{"taxonomy":"category","embeddable":true,"href":"https:\/\/radiojehona.mk\/index.php?rest_route=%2Fwp%2Fv2%2Fcategories&post=41857"},{"taxonomy":"post_tag","embeddable":true,"href":"https:\/\/radiojehona.mk\/index.php?rest_route=%2Fwp%2Fv2%2Ftags&post=41857"}],"curies":[{"name":"wp","href":"https:\/\/api.w.org\/{rel}","templated":true}]}}