{"id":41854,"date":"2025-03-22T15:19:48","date_gmt":"2025-03-22T15:19:48","guid":{"rendered":"https:\/\/radiojehona.com\/?p=41854"},"modified":"2025-03-22T15:19:49","modified_gmt":"2025-03-22T15:19:49","slug":"vihet-nen-kontroll-zjarri-i-madh-ne-strumice-nuk-ka-rrezik-per-vendbanimet","status":"publish","type":"post","link":"https:\/\/radiojehona.mk\/?p=41854","title":{"rendered":"Vihet n\u00ebn kontroll zjarri i madh n\u00eb Strumic\u00eb, nuk ka rrezik p\u00ebr vendbanimet"},"content":{"rendered":"\n<figure class=\"wp-block-image size-full\"><img fetchpriority=\"high\" decoding=\"async\" width=\"780\" height=\"470\" src=\"https:\/\/radiojehona.com\/wp-content\/uploads\/2025\/03\/Shengjin_Zjarri-780x470-1.jpg\" alt=\"\" class=\"wp-image-41855\" srcset=\"https:\/\/radiojehona.mk\/wp-content\/uploads\/2025\/03\/Shengjin_Zjarri-780x470-1.jpg 780w, https:\/\/radiojehona.mk\/wp-content\/uploads\/2025\/03\/Shengjin_Zjarri-780x470-1-300x181.jpg 300w, https:\/\/radiojehona.mk\/wp-content\/uploads\/2025\/03\/Shengjin_Zjarri-780x470-1-768x463.jpg 768w\" sizes=\"(max-width: 780px) 100vw, 780px\" \/><\/figure>\n\n\n\n<p>Zjarri n\u00eb deponin\u00eb e Drisll\u00ebs vazhdon t\u00eb jet\u00eb aktiv, nd\u00ebrkoh\u00eb q\u00eb jan\u00eb v\u00ebn\u00eb n\u00ebn kontroll 27 zjarret e tjera q\u00eb shp\u00ebrthyen n\u00eb ambient t\u00eb hapur n\u00eb 24 or\u00ebt e fundit. M\u00eb serioz ishte zjarri n\u00eb rajonin e Strumic\u00ebs, i cili iu afrua vendbanimeve. Zjarri u vendos n\u00ebn kontroll pas mobilizimit t\u00eb plot\u00eb t\u00eb zjarrfik\u00ebsve vendor\u00eb, nd\u00ebrsa n\u00eb ndihm\u00eb u erdh\u00ebn edhe ata nga qytetet e tjera. Kreu i Strumic\u00ebs b\u00ebn thirrje p\u00ebr nd\u00ebrgjegj\u00ebsim, thot\u00eb se me zjarrin nuk ka loj\u00eb.<\/p>\n\n\n\n<p>\u201cArrit\u00ebm p\u00ebr koh\u00eb t\u00eb shpejt\u00eb ta neutralizojm\u00eb p\u00ebrkat\u00ebsisht ta lokalizojm\u00eb zjarrin, pa pasur sht\u00ebpi t\u00eb djegura apo mos dasht\u00eb Zoti viktima njer\u00ebzore. Un\u00eb edhe nj\u00ebher\u00eb k\u00ebtu b\u00ebj apel p\u00ebr vet\u00ebdijesim dhe nd\u00ebrgjegje. Edhe sa viktima duhet t\u00eb japim q\u00eb t\u00eb vet\u00ebdijesohemi se nuk luhet me zjarrin\u201d, tha Kostadin Kostadinov, Kryetar i Strumic\u00ebs.<\/p>\n\n\n\n<p>T\u00eb gjitha zjarret kan\u00eb filluar nga ndezja e mbetjeve t\u00eb kasht\u00ebs n\u00ebp\u00ebr fusha, por autoritetet thon\u00eb se edhe era e fort\u00eb e kishte b\u00ebr\u00eb t\u00eb veten.<\/p>\n\n\n\n<p>\u201cVet\u00eb era e ka b\u00ebr\u00eb t\u00eb veten\u202601:45 U mobilizuan nj\u00ebsiti i zjarrfik\u00ebsve nga Strumica dhe k\u00ebrkuam ndihm\u00eb edhe nga qytetet fqinje, Radovish, Vallandov\u00eb dhe Gjevgjeli\u201d, tha Aleksandar Gudev, komandant i nj\u00ebsis\u00eb zjarr\u00ebfik\u00ebse territoriale Strumic\u00eb.<\/p>\n\n\n\n<p>Nga fillimi i muajit deri dje, jan\u00eb sh\u00ebnuar gjithsej 484 zjarre n\u00eb ambient t\u00eb hapur me p\u00ebrmasa m\u00eb t\u00eb m\u00ebdha. Prej tyre, 23 ishin zjarre n\u00ebp\u00ebr pyje, nd\u00ebrsa t\u00eb tjerat, nga ndezja e barit t\u00eb that\u00eb, mbetjeve t\u00eb kasht\u00ebs, si dhe deponi.\/Alsat.mk<\/p>\n","protected":false},"excerpt":{"rendered":"<p>Zjarri n&euml; deponin&euml; e Drisll&euml;s vazhdon t&euml; jet&euml; aktiv, nd&euml;rkoh&euml; q&euml; jan&euml; v&euml;n&euml; n&euml;n kontroll 27 zjarret e tjera q&euml; shp&euml;rthyen n&euml; ambient t&euml; hapur n&euml; 24 or&euml;t e fundit. M&euml; serioz ishte zjarri n&euml; rajonin e Strumic&euml;s, i cili iu afrua vendbanimeve. Zjarri u vendos n&euml;n kontroll pas mobilizimit t&euml; plot&euml; t&euml; zjarrfik&euml;sve vendor&euml;, [&hellip;]<\/p>\n","protected":false},"author":2,"featured_media":41855,"comment_status":"open","ping_status":"closed","sticky":false,"template":"","format":"standard","meta":{"_monsterinsights_skip_tracking":false,"_monsterinsights_sitenote_active":false,"_monsterinsights_sitenote_note":"","_monsterinsights_sitenote_category":0,"footnotes":""},"categories":[1],"tags":[],"class_list":["post-41854","post","type-post","status-publish","format-standard","has-post-thumbnail","hentry","category-vendi"],"_links":{"self":[{"href":"https:\/\/radiojehona.mk\/index.php?rest_route=\/wp\/v2\/posts\/41854","targetHints":{"allow":["GET"]}}],"collection":[{"href":"https:\/\/radiojehona.mk\/index.php?rest_route=\/wp\/v2\/posts"}],"about":[{"href":"https:\/\/radiojehona.mk\/index.php?rest_route=\/wp\/v2\/types\/post"}],"author":[{"embeddable":true,"href":"https:\/\/radiojehona.mk\/index.php?rest_route=\/wp\/v2\/users\/2"}],"replies":[{"embeddable":true,"href":"https:\/\/radiojehona.mk\/index.php?rest_route=%2Fwp%2Fv2%2Fcomments&post=41854"}],"version-history":[{"count":1,"href":"https:\/\/radiojehona.mk\/index.php?rest_route=\/wp\/v2\/posts\/41854\/revisions"}],"predecessor-version":[{"id":41856,"href":"https:\/\/radiojehona.mk\/index.php?rest_route=\/wp\/v2\/posts\/41854\/revisions\/41856"}],"wp:featuredmedia":[{"embeddable":true,"href":"https:\/\/radiojehona.mk\/index.php?rest_route=\/wp\/v2\/media\/41855"}],"wp:attachment":[{"href":"https:\/\/radiojehona.mk\/index.php?rest_route=%2Fwp%2Fv2%2Fmedia&parent=41854"}],"wp:term":[{"taxonomy":"category","embeddable":true,"href":"https:\/\/radiojehona.mk\/index.php?rest_route=%2Fwp%2Fv2%2Fcategories&post=41854"},{"taxonomy":"post_tag","embeddable":true,"href":"https:\/\/radiojehona.mk\/index.php?rest_route=%2Fwp%2Fv2%2Ftags&post=41854"}],"curies":[{"name":"wp","href":"https:\/\/api.w.org\/{rel}","templated":true}]}}