{"id":41846,"date":"2025-03-22T15:17:29","date_gmt":"2025-03-22T15:17:29","guid":{"rendered":"https:\/\/radiojehona.com\/?p=41846"},"modified":"2025-03-22T15:17:30","modified_gmt":"2025-03-22T15:17:30","slug":"leshuan-muzik-ne-dite-zie-arrestohen-dy-persona-pergjegjes-te-objekteve-gastronomike","status":"publish","type":"post","link":"https:\/\/radiojehona.mk\/?p=41846","title":{"rendered":"L\u00ebshuan muzik n\u00eb dit\u00eb zie, arrestohen dy persona p\u00ebrgjegj\u00ebs t\u00eb objekteve gastronomike"},"content":{"rendered":"\n<figure class=\"wp-block-image size-full\"><img fetchpriority=\"high\" decoding=\"async\" width=\"780\" height=\"439\" src=\"https:\/\/radiojehona.com\/wp-content\/uploads\/2025\/03\/arrestedddd-780x439-1.jpg\" alt=\"\" class=\"wp-image-41847\" srcset=\"https:\/\/radiojehona.mk\/wp-content\/uploads\/2025\/03\/arrestedddd-780x439-1.jpg 780w, https:\/\/radiojehona.mk\/wp-content\/uploads\/2025\/03\/arrestedddd-780x439-1-300x169.jpg 300w, https:\/\/radiojehona.mk\/wp-content\/uploads\/2025\/03\/arrestedddd-780x439-1-768x432.jpg 768w\" sizes=\"(max-width: 780px) 100vw, 780px\" \/><figcaption class=\"wp-element-caption\">Young man in handcuffs<\/figcaption><\/figure>\n\n\n\n<p>Dy persona p\u00ebrgjegj\u00ebs n\u00eb objekte gastronomike u privuan nga liria sepse l\u00ebshuan muzik\u00eb dhe nuk respektuan vendimin e Qeveris\u00eb p\u00ebr shtat\u00eb dit\u00eb zie<\/p>\n\n\n\n<p>M\u00eb 21\/22.03.2025 n\u00eb Shkup, n\u00eb objekte hotelierike n\u00eb rajonin e Qendr\u00ebs, zyrtar\u00ebt policor\u00eb t\u00eb SPB Shkup kan\u00eb privuar nga liria F.A. (26) nga rrethina e Shkupit dhe V.V. (22) nga Shkupi p\u00ebr shkak t\u00eb dyshimit t\u00eb bazuar p\u00ebr kryerjen e nj\u00eb vepre penale sipas nenit 387 t\u00eb Kodit Penal.<\/p>\n\n\n\n<p>Gjat\u00eb dit\u00ebs s\u00eb djeshme, n\u00eb objektet hotelierike ku ata jan\u00eb persona p\u00ebrgjegj\u00ebs, \u00ebsht\u00eb l\u00ebshuar muzik\u00eb, p\u00ebrkat\u00ebsisht nuk \u00ebsht\u00eb respektuar vendimi i Qeveris\u00eb p\u00ebr shtat\u00eb dit\u00eb zie. Menj\u00ebher\u00eb \u00ebsht\u00eb vepruar nga ana e zyrtar\u00ebve policor\u00eb t\u00eb SPB Shkup dhe personat p\u00ebrgjegj\u00ebs jan\u00eb privuar nga liria. Pas dokumentimit t\u00eb rasteve, do t\u00eb paraqiten kall\u00ebzime p\u00ebrkat\u00ebse n\u00eb lidhje me nenin 387 t\u00eb Kodit Penal.<\/p>\n","protected":false},"excerpt":{"rendered":"<p>Dy persona p&euml;rgjegj&euml;s n&euml; objekte gastronomike u privuan nga liria sepse l&euml;shuan muzik&euml; dhe nuk respektuan vendimin e Qeveris&euml; p&euml;r shtat&euml; dit&euml; zie M&euml; 21\/22.03.2025 n&euml; Shkup, n&euml; objekte hotelierike n&euml; rajonin e Qendr&euml;s, zyrtar&euml;t policor&euml; t&euml; SPB Shkup kan&euml; privuar nga liria F.A. (26) nga rrethina e Shkupit dhe V.V. (22) nga Shkupi p&euml;r [&hellip;]<\/p>\n","protected":false},"author":2,"featured_media":41847,"comment_status":"open","ping_status":"closed","sticky":false,"template":"","format":"standard","meta":{"_monsterinsights_skip_tracking":false,"_monsterinsights_sitenote_active":false,"_monsterinsights_sitenote_note":"","_monsterinsights_sitenote_category":0,"footnotes":""},"categories":[1],"tags":[],"class_list":["post-41846","post","type-post","status-publish","format-standard","has-post-thumbnail","hentry","category-vendi"],"_links":{"self":[{"href":"https:\/\/radiojehona.mk\/index.php?rest_route=\/wp\/v2\/posts\/41846","targetHints":{"allow":["GET"]}}],"collection":[{"href":"https:\/\/radiojehona.mk\/index.php?rest_route=\/wp\/v2\/posts"}],"about":[{"href":"https:\/\/radiojehona.mk\/index.php?rest_route=\/wp\/v2\/types\/post"}],"author":[{"embeddable":true,"href":"https:\/\/radiojehona.mk\/index.php?rest_route=\/wp\/v2\/users\/2"}],"replies":[{"embeddable":true,"href":"https:\/\/radiojehona.mk\/index.php?rest_route=%2Fwp%2Fv2%2Fcomments&post=41846"}],"version-history":[{"count":2,"href":"https:\/\/radiojehona.mk\/index.php?rest_route=\/wp\/v2\/posts\/41846\/revisions"}],"predecessor-version":[{"id":41849,"href":"https:\/\/radiojehona.mk\/index.php?rest_route=\/wp\/v2\/posts\/41846\/revisions\/41849"}],"wp:featuredmedia":[{"embeddable":true,"href":"https:\/\/radiojehona.mk\/index.php?rest_route=\/wp\/v2\/media\/41847"}],"wp:attachment":[{"href":"https:\/\/radiojehona.mk\/index.php?rest_route=%2Fwp%2Fv2%2Fmedia&parent=41846"}],"wp:term":[{"taxonomy":"category","embeddable":true,"href":"https:\/\/radiojehona.mk\/index.php?rest_route=%2Fwp%2Fv2%2Fcategories&post=41846"},{"taxonomy":"post_tag","embeddable":true,"href":"https:\/\/radiojehona.mk\/index.php?rest_route=%2Fwp%2Fv2%2Ftags&post=41846"}],"curies":[{"name":"wp","href":"https:\/\/api.w.org\/{rel}","templated":true}]}}