{"id":41840,"date":"2025-03-21T15:53:10","date_gmt":"2025-03-21T15:53:10","guid":{"rendered":"https:\/\/radiojehona.com\/?p=41840"},"modified":"2025-03-21T15:53:11","modified_gmt":"2025-03-21T15:53:11","slug":"te-dielen-nderrohet-ora-akrepat-shkojne-60-minuta-para","status":"publish","type":"post","link":"https:\/\/radiojehona.mk\/?p=41840","title":{"rendered":"T\u00eb diel\u00ebn nd\u00ebrrohet ora, akrepat shkojn\u00eb 60 minuta para"},"content":{"rendered":"\n<figure class=\"wp-block-image size-full\"><img fetchpriority=\"high\" decoding=\"async\" width=\"696\" height=\"435\" src=\"https:\/\/radiojehona.com\/wp-content\/uploads\/2025\/03\/oraverore-696x435-1.png\" alt=\"\" class=\"wp-image-41841\" srcset=\"https:\/\/radiojehona.mk\/wp-content\/uploads\/2025\/03\/oraverore-696x435-1.png 696w, https:\/\/radiojehona.mk\/wp-content\/uploads\/2025\/03\/oraverore-696x435-1-300x188.png 300w\" sizes=\"(max-width: 696px) 100vw, 696px\" \/><\/figure>\n\n\n\n<p>N\u00eb nat\u00ebn mes t\u00eb shtun\u00ebs dhe t\u00eb diel\u00ebs (29-30 mars) fillon llogaritja verore e koh\u00ebs, ora do t\u00eb shkoj\u00eb 60 minuta p\u00ebrpara.<\/p>\n\n\n\n<p>Momenti zyrtar i nd\u00ebrrimit t\u00eb or\u00ebs \u00ebsht\u00eb pik\u00ebrisht n\u00eb or\u00eb 02:00, at\u00ebher\u00eb kur akrepat kalojn\u00eb 60 minuta para duke sh\u00ebnuar 03:00.<\/p>\n\n\n\n<p>Dy her\u00eb n\u00eb vit or\u00ebt tona ndryshojn\u00eb p\u00ebr nj\u00eb or\u00eb dhe njer\u00ebzit fitojn\u00eb ose humbin nj\u00eb or\u00eb gjum\u00eb. K\u00ebt\u00eb her\u00eb akrepat e or\u00ebs nuk do t\u00eb rikthehen pas deri m\u00eb 26 tetor<\/p>\n\n\n\n<p>Ndryshimi i akrepave \u00ebsht\u00eb nj\u00eb proces i unifikuar n\u00eb gjith\u00eb vendet e Evrop\u00ebs. Ndryshimi i saj u vendos si ligj evropian n\u00eb vitin 1981. Norma evropiane p\u00ebrcakton datat e fillimit t\u00eb or\u00ebs verore, ku akrepat l\u00ebvizin 60 minuta para dhe or\u00ebs dim\u00ebrore kur ato kthehen 1 ore pas.<\/p>\n\n\n\n<p>Nd\u00ebrrimi i or\u00ebs ka q\u00ebllim kursimin e energjis\u00eb elektrike dhe shfryt\u00ebzimin e drit\u00ebs se diellit. Pas ekuinoksit pranveror dita ka filluar t\u00eb zgjatet dhe kulmin e saj e arrin n\u00eb 22 qershor, me 15 or\u00eb dit\u00eb dhe vet\u00ebm 9 or\u00eb nat\u00eb.<\/p>\n\n\n\n<p>Prej vitit 1981 u vendos ndryshimi i or\u00ebs, q\u00eb p\u00ebrfshin t\u00eb gjith\u00eb Evrop\u00ebn, ku n\u00eb shum\u00eb shtete t\u00eb saj, akrepat e or\u00ebs l\u00ebvizin 60 minuta p\u00ebrpara. Norma evropiane p\u00ebrcakton n\u00eb m\u00ebnyre t\u00eb q\u00ebndrueshme datat e fillimit t\u00eb periudh\u00ebs s\u00eb or\u00ebs verore, ku akrepat l\u00ebvizin 60 minuta para.<\/p>\n","protected":false},"excerpt":{"rendered":"<p>N&euml; nat&euml;n mes t&euml; shtun&euml;s dhe t&euml; diel&euml;s (29-30 mars) fillon llogaritja verore e koh&euml;s, ora do t&euml; shkoj&euml; 60 minuta p&euml;rpara. Momenti zyrtar i nd&euml;rrimit t&euml; or&euml;s &euml;sht&euml; pik&euml;risht n&euml; or&euml; 02:00, at&euml;her&euml; kur akrepat kalojn&euml; 60 minuta para duke sh&euml;nuar 03:00. Dy her&euml; n&euml; vit or&euml;t tona ndryshojn&euml; p&euml;r nj&euml; or&euml; dhe njer&euml;zit [&hellip;]<\/p>\n","protected":false},"author":2,"featured_media":41841,"comment_status":"open","ping_status":"closed","sticky":false,"template":"","format":"standard","meta":{"_monsterinsights_skip_tracking":false,"_monsterinsights_sitenote_active":false,"_monsterinsights_sitenote_note":"","_monsterinsights_sitenote_category":0,"footnotes":""},"categories":[1],"tags":[],"class_list":["post-41840","post","type-post","status-publish","format-standard","has-post-thumbnail","hentry","category-vendi"],"_links":{"self":[{"href":"https:\/\/radiojehona.mk\/index.php?rest_route=\/wp\/v2\/posts\/41840","targetHints":{"allow":["GET"]}}],"collection":[{"href":"https:\/\/radiojehona.mk\/index.php?rest_route=\/wp\/v2\/posts"}],"about":[{"href":"https:\/\/radiojehona.mk\/index.php?rest_route=\/wp\/v2\/types\/post"}],"author":[{"embeddable":true,"href":"https:\/\/radiojehona.mk\/index.php?rest_route=\/wp\/v2\/users\/2"}],"replies":[{"embeddable":true,"href":"https:\/\/radiojehona.mk\/index.php?rest_route=%2Fwp%2Fv2%2Fcomments&post=41840"}],"version-history":[{"count":1,"href":"https:\/\/radiojehona.mk\/index.php?rest_route=\/wp\/v2\/posts\/41840\/revisions"}],"predecessor-version":[{"id":41842,"href":"https:\/\/radiojehona.mk\/index.php?rest_route=\/wp\/v2\/posts\/41840\/revisions\/41842"}],"wp:featuredmedia":[{"embeddable":true,"href":"https:\/\/radiojehona.mk\/index.php?rest_route=\/wp\/v2\/media\/41841"}],"wp:attachment":[{"href":"https:\/\/radiojehona.mk\/index.php?rest_route=%2Fwp%2Fv2%2Fmedia&parent=41840"}],"wp:term":[{"taxonomy":"category","embeddable":true,"href":"https:\/\/radiojehona.mk\/index.php?rest_route=%2Fwp%2Fv2%2Fcategories&post=41840"},{"taxonomy":"post_tag","embeddable":true,"href":"https:\/\/radiojehona.mk\/index.php?rest_route=%2Fwp%2Fv2%2Ftags&post=41840"}],"curies":[{"name":"wp","href":"https:\/\/api.w.org\/{rel}","templated":true}]}}