{"id":41838,"date":"2025-03-21T15:52:25","date_gmt":"2025-03-21T15:52:25","guid":{"rendered":"https:\/\/radiojehona.com\/?p=41838"},"modified":"2025-03-21T15:52:27","modified_gmt":"2025-03-21T15:52:27","slug":"paga-mesatare-neto-ne-janar-ka-qene-43-050-denare","status":"publish","type":"post","link":"https:\/\/radiojehona.mk\/?p=41838","title":{"rendered":"Paga mesatare neto n\u00eb janar ka qen\u00eb 43.050 denar\u00eb"},"content":{"rendered":"\n<figure class=\"wp-block-image size-full\"><img fetchpriority=\"high\" decoding=\"async\" width=\"750\" height=\"430\" src=\"https:\/\/radiojehona.com\/wp-content\/uploads\/2025\/02\/DENARE-750x430-1.jpg\" alt=\"\" class=\"wp-image-41213\" srcset=\"https:\/\/radiojehona.mk\/wp-content\/uploads\/2025\/02\/DENARE-750x430-1.jpg 750w, https:\/\/radiojehona.mk\/wp-content\/uploads\/2025\/02\/DENARE-750x430-1-300x172.jpg 300w\" sizes=\"(max-width: 750px) 100vw, 750px\" \/><\/figure>\n\n\n\n<p>Paga mesatare neto n\u00eb janar n\u00eb Maqedonin\u00eb e Veriut ka qen\u00eb 43.050 denar\u00eb (699 euro) dhe \u00ebsht\u00eb m\u00eb e lart\u00eb p\u00ebr 8,9 p\u00ebr qind n\u00eb krahasim me janarin e vitit t\u00eb kaluar, njoftoi sot Enti Shtet\u00ebror p\u00ebr Statistik\u00eb (ESHS).<\/p>\n\n\n\n<p>Rritja vjen si pasoj\u00eb e pag\u00ebs mesatare t\u00eb paguar n\u00eb sektor\u00ebt e artit, arg\u00ebtimit dhe rekreacionit, sh\u00ebrbimet administrative dhe aktivitetet ndihm\u00ebse dhe arsim.<\/p>\n\n\n\n<p>Ulje t\u00eb pag\u00ebs mesatare mujore neto t\u00eb paguar p\u00ebr punonj\u00ebsit, n\u00eb krahasim me muajin e kaluar \u00ebsht\u00eb sh\u00ebnuar n\u00eb sektor\u00ebt e nd\u00ebrtimtaris\u00eb, industris\u00eb p\u00ebrpunuese dhe veprimtarive financiare dhe sigurimeve.<\/p>\n\n\n\n<p>Paga mesatare mujore bruto tek t\u00eb pun\u00ebsuarit n\u00eb janar arrin 64.697 denar\u00eb (1051 euro).<\/p>\n","protected":false},"excerpt":{"rendered":"<p>Paga mesatare neto n&euml; janar n&euml; Maqedonin&euml; e Veriut ka qen&euml; 43.050 denar&euml; (699 euro) dhe &euml;sht&euml; m&euml; e lart&euml; p&euml;r 8,9 p&euml;r qind n&euml; krahasim me janarin e vitit t&euml; kaluar, njoftoi sot Enti Shtet&euml;ror p&euml;r Statistik&euml; (ESHS). Rritja vjen si pasoj&euml; e pag&euml;s mesatare t&euml; paguar n&euml; sektor&euml;t e artit, arg&euml;timit dhe rekreacionit, [&hellip;]<\/p>\n","protected":false},"author":2,"featured_media":41213,"comment_status":"open","ping_status":"closed","sticky":false,"template":"","format":"standard","meta":{"_monsterinsights_skip_tracking":false,"_monsterinsights_sitenote_active":false,"_monsterinsights_sitenote_note":"","_monsterinsights_sitenote_category":0,"footnotes":""},"categories":[1],"tags":[],"class_list":["post-41838","post","type-post","status-publish","format-standard","has-post-thumbnail","hentry","category-vendi"],"_links":{"self":[{"href":"https:\/\/radiojehona.mk\/index.php?rest_route=\/wp\/v2\/posts\/41838","targetHints":{"allow":["GET"]}}],"collection":[{"href":"https:\/\/radiojehona.mk\/index.php?rest_route=\/wp\/v2\/posts"}],"about":[{"href":"https:\/\/radiojehona.mk\/index.php?rest_route=\/wp\/v2\/types\/post"}],"author":[{"embeddable":true,"href":"https:\/\/radiojehona.mk\/index.php?rest_route=\/wp\/v2\/users\/2"}],"replies":[{"embeddable":true,"href":"https:\/\/radiojehona.mk\/index.php?rest_route=%2Fwp%2Fv2%2Fcomments&post=41838"}],"version-history":[{"count":1,"href":"https:\/\/radiojehona.mk\/index.php?rest_route=\/wp\/v2\/posts\/41838\/revisions"}],"predecessor-version":[{"id":41839,"href":"https:\/\/radiojehona.mk\/index.php?rest_route=\/wp\/v2\/posts\/41838\/revisions\/41839"}],"wp:featuredmedia":[{"embeddable":true,"href":"https:\/\/radiojehona.mk\/index.php?rest_route=\/wp\/v2\/media\/41213"}],"wp:attachment":[{"href":"https:\/\/radiojehona.mk\/index.php?rest_route=%2Fwp%2Fv2%2Fmedia&parent=41838"}],"wp:term":[{"taxonomy":"category","embeddable":true,"href":"https:\/\/radiojehona.mk\/index.php?rest_route=%2Fwp%2Fv2%2Fcategories&post=41838"},{"taxonomy":"post_tag","embeddable":true,"href":"https:\/\/radiojehona.mk\/index.php?rest_route=%2Fwp%2Fv2%2Ftags&post=41838"}],"curies":[{"name":"wp","href":"https:\/\/api.w.org\/{rel}","templated":true}]}}